{"id":280,"date":"2014-08-10T09:17:47","date_gmt":"2014-08-10T08:17:47","guid":{"rendered":"https:\/\/www.garcia-avocat-paris.fr\/licenciement?p=280"},"modified":"2024-05-13T14:43:11","modified_gmt":"2024-05-13T13:43:11","slug":"le-contrat-de-travail-a-temps-partiel","status":"publish","type":"post","link":"https:\/\/www.garcia-avocat-paris.fr\/licenciement\/le-contrat-de-travail-a-temps-partiel\/","title":{"rendered":"Le contrat de travail \u00e0 temps partiel"},"content":{"rendered":"<p style=\"text-align: justify;\"><span style=\"color: #000000;\">La loi d\u00e9finit le salari\u00e9 \u00e0 temps partiel comme tout salari\u00e9 dont l\u2019horaire de travail est inf\u00e9rieur \u00e0\u00a0un horaire \u00e0 temps plein (article L. 3123-1 du Code du travail).\u00a0La dur\u00e9e contractuelle fix\u00e9e dans le contrat est soit inf\u00e9rieur \u00e0 la dur\u00e9e l\u00e9gale, soit \u00e0 celle de la dur\u00e9e conventionnelle applicable dans l\u2019entreprise. Le contrat de travail \u00e0 temps partiel doit mentionner de mani\u00e8re pr\u00e9cise certains \u00e9l\u00e9ments. \u00c0 d\u00e9faut, le contrat pourrait \u00eatre requalifi\u00e9 en contrat de travail \u00e0 temps complet. Le salari\u00e9 \u00e0 temps partiel b\u00e9n\u00e9ficie en outre dans certaines conditions des m\u00eames droits que les salari\u00e9s \u00e0 temps plein.<\/span><\/p>\n<h2 style=\"text-align: justify;\"><span style=\"color: #000000;\">&#8211;\u00a0<span style=\"text-decoration: underline;\">Les mentions obligatoires du contrat de travail \u00e0 temps partiel<\/span><\/span><\/h2>\n<p style=\"text-align: justify;\"><span style=\"color: #000000;\"><img decoding=\"async\" class=\"alignleft size-thumbnail wp-image-71\" src=\"https:\/\/www.garcia-avocat-paris.fr\/licenciement\/wp-content\/uploads\/2014\/09\/50-e1428704214828-150x150.jpg\" alt=\"Avocat en contrat de travail;Le contrat de travail;avocat contrat de travail paris\" width=\"150\" height=\"150\" srcset=\"https:\/\/www.garcia-avocat-paris.fr\/licenciement\/wp-content\/uploads\/2014\/09\/50-e1428704214828-150x150.jpg 150w, https:\/\/www.garcia-avocat-paris.fr\/licenciement\/wp-content\/uploads\/2014\/09\/50-e1428704214828-267x267.jpg 267w, https:\/\/www.garcia-avocat-paris.fr\/licenciement\/wp-content\/uploads\/2014\/09\/50-e1428704214828-100x100.jpg 100w\" sizes=\"(max-width: 150px) 100vw, 150px\" \/>Le contrat de travail \u00e0 temps partiel peut \u00eatre \u00e0 dur\u00e9e d\u00e9termin\u00e9e ou ind\u00e9termin\u00e9e. L\u2019article L3123-14 du Code du travail pose comme condition l\u2019\u00e9crit. Le contrat doit donc \u00eatre n\u00e9cessairement \u00e9crit.<\/span><\/p>\n<p style=\"text-align: justify;\"><span style=\"color: #000000;\">En l\u2019absence d\u2019\u00e9crit, le contrat de travail est pr\u00e9sum\u00e9 conclu pour un horaire normal. Il s\u2019agit d\u2019une pr\u00e9somption simple. L\u2019employeur peut donc apporter la preuve \u00e0 travers des \u00e9l\u00e9ments qu\u2019il s\u2019agit bien d\u2019un contrat \u00e0 temps partiel.<\/span><\/p>\n<p style=\"text-align: justify;\"><span style=\"color: #000000;\">Selon la jurisprudence, en l&#8217;absence d&#8217;\u00e9crit, le salari\u00e9 ne sait pas \u00e0 quel rythme il pourrait travailler chaque mois. Cette situation oblige \u00e0 se tenir en permanence \u00e0 la disposition de l&#8217;employeur. En cons\u00e9quence, il doit \u00eatre consid\u00e9r\u00e9 comme travaillant \u00e0 temps plein et \u00eatre r\u00e9mun\u00e9r\u00e9 comme tel<em>(<\/em><em>Cass. soc., 12 juill. 1999, n<sup>o<\/sup> 97-41.329<\/em><em>).<\/em><\/span><\/p>\n<p style=\"text-align: justify;\"><span style=\"color: #000000;\">L\u2019article L3123-14 du Code du travail pr\u00e9cise en outre que le contrat de travail du salari\u00e9 \u00e0 temps partiel doit indiquer\u00a0:<\/span><\/p>\n<p style=\"text-align: justify;\"><span style=\"color: #000000;\">&#8211;\u00a0 la qualification du salari\u00e9,<\/span><\/p>\n<p style=\"text-align: justify;\"><span style=\"color: #000000;\">&#8211;\u00a0 les \u00e9l\u00e9ments de la r\u00e9mun\u00e9ration,<\/span><\/p>\n<p style=\"text-align: justify;\"><span style=\"color: #000000;\">&#8211;\u00a0 la dur\u00e9e hebdomadaire ou mensuelle pr\u00e9vue,<\/span><\/p>\n<p style=\"text-align: justify;\"><span style=\"color: #000000;\">&#8211;\u00a0 la r\u00e9partition de la dur\u00e9e du travail entre les jours de la semaine ou, le cas \u00e9ch\u00e9ant, entre les semaines du mois (sauf pour les salari\u00e9s des associations d&#8217;aide \u00e0 domicile et sauf si l&#8217;entreprise rel\u00e8ve d&#8217;un accord collectif organisant la r\u00e9partition de la dur\u00e9e du travail sur une p\u00e9riode sup\u00e9rieure \u00e0 la semaine et au plus \u00e9gale \u00e0 l&#8217;ann\u00e9e)<\/span><\/p>\n<p style=\"text-align: justify;\"><span style=\"color: #000000;\">&#8211; les limites dans lesquelles des heures compl\u00e9mentaires peuvent \u00eatre effectu\u00e9es au-del\u00e0 de la dur\u00e9e de travail fix\u00e9e dans le contrat,<\/span><\/p>\n<p style=\"text-align: justify;\"><span style=\"color: #000000;\">&#8211; les modalit\u00e9s selon lesquelles les horaires de travail pour chaque journ\u00e9e travaill\u00e9e sont communiqu\u00e9es par \u00e9crit au salari\u00e9,<\/span><\/p>\n<p style=\"text-align: justify;\"><span style=\"color: #000000;\">&#8211; les cas dans lesquels la r\u00e9partition de la dur\u00e9e du travail peut \u00eatre modifi\u00e9e et la nature de cette modification.<\/span><\/p>\n<p style=\"text-align: justify;\"><span style=\"color: #000000;\">L&#8217;omission d&#8217;une des mentions fait pr\u00e9sumer \u00e9galement l&#8217;existence d&#8217;un contrat \u00e0 temps complet. Cela impose donc \u00e0 l&#8217;employeur de faire la preuve de la r\u00e9alit\u00e9 du contrat \u00e0 temps partiel.<\/span><\/p>\n<h2 style=\"text-align: justify;\"><span style=\"color: #000000;\">&#8211;\u00a0<span style=\"text-decoration: underline;\">Les contraintes li\u00e9es \u00e0 la r\u00e9partition des horaires<\/span><\/span><\/h2>\n<p style=\"text-align: justify;\"><span style=\"color: #000000;\">Le temps partiel peut \u00eatre mensualis\u00e9, c&#8217;est-\u00e0-dire que le travail \u00e0 temps partiel est r\u00e9parti in\u00e9galement dans le mois.<\/span><\/p>\n<p style=\"text-align: justify;\"><span style=\"color: #000000;\">Une convention collective peut pr\u00e9voir que la dur\u00e9e hebdomadaire ou mensuelle peut varier dans certaines limites sur tout ou partie de l&#8217;ann\u00e9e, \u00e0 condition que la dur\u00e9e de travail n&#8217;exc\u00e8de pas ce qui est pr\u00e9vu au contrat (article L3123-25 du Code du travail). Il s&#8217;agit alors du temps partiel modul\u00e9.<\/span><\/p>\n<p style=\"text-align: justify;\"><span style=\"color: #000000;\">L&#8217;horaire de travail ne peut comporter, au cours d&#8217;une m\u00eame journ\u00e9e, plus d&#8217;une interruption d&#8217;activit\u00e9, de deux heures maximum. Toutefois, certaines conventions ou accords peuvent d\u00e9roger \u00e0 ce principe.<\/span><\/p>\n<h2 style=\"text-align: justify;\"><span style=\"color: #000000;\">&#8211; <span style=\"text-decoration: underline;\">La modification des horaires de travail et celle de la r\u00e9partition de la dur\u00e9e de travail<\/span><\/span><\/h2>\n<p style=\"text-align: justify;\"><span style=\"color: #000000;\">Les r\u00e8gles habituelles concernant la modification du contrat de travail sont applicables au salari\u00e9 \u00e0 temps partiel. Ainsi, par exemple, l&#8217;employeur ne peut pas modifier la dur\u00e9e de travail du salari\u00e9 sans son accord.<\/span><\/p>\n<p style=\"text-align: justify;\"><span style=\"color: #000000;\">Le principe en la mati\u00e8re est le suivant\u00a0: la r\u00e9partition du travail entre les jours de la semaine et du mois constitue un \u00e9l\u00e9ment du contrat de travail qui ne peut \u00eatre modifi\u00e9 sans l\u2019accord du salari\u00e9.<\/span><\/p>\n<p style=\"text-align: justify;\"><span style=\"color: #000000;\">Pour que la modification s&#8217;impose au salari\u00e9, elle doit \u00eatre pr\u00e9vue au contrat et intervenir dans des conditions bien sp\u00e9cifiques. En effet, l\u2019article L3123-21 du Code du travail dispose que\u00a0: <em>\u00ab\u00a0<\/em><em>Toute modification de la r\u00e9partition de la dur\u00e9e du travail entre les jours de la semaine ou les semaines du mois est notifi\u00e9e au salari\u00e9 sept jours au moins avant la date \u00e0 laquelle elle doit avoir lieu.\u00a0\u00bb. <\/em>Ce d\u00e9lai peut \u00eatre r\u00e9duit \u00e0 trois jours ouvr\u00e9s au minimum si une convention collective ou un accord le pr\u00e9voit.<\/span><\/p>\n<p style=\"text-align: justify;\"><span style=\"color: #000000;\">En cas de refus par le salari\u00e9 de la modification, cela peut \u00eatre consid\u00e9r\u00e9 comme une faute ou un motif de licenciement sauf si le changement n\u2019est pas compatible avec des obligations familiales imp\u00e9rieuses, le suivi d\u2019un enseignement scolaire ou sup\u00e9rieur ou encore avec une p\u00e9riode d\u2019activit\u00e9 fix\u00e9e chez un autre employeur<\/span><\/p>\n<p style=\"text-align: justify;\"><span style=\"color: #000000;\">L&#8217;employeur peut demander au salari\u00e9 une modification de la r\u00e9partition de la dur\u00e9e du travail, m\u00eame si le contrat ne le pr\u00e9voit pas. Le salari\u00e9 alors est libre d\u2019accepter ou de refuser. Son refus ne peut constituer une faute ou un motif de licenciement.<\/span><\/p>\n<h2 style=\"text-align: justify;\"><span style=\"color: #000000;\">&#8211; <span style=\"text-decoration: underline;\">Le statut des salari\u00e9s \u00e0 temps partiel<\/span><\/span><\/h2>\n<p style=\"text-align: justify;\"><span style=\"color: #000000;\">Les salari\u00e9s \u00e0 temps partiel peuvent conclure des contrats avec diff\u00e9rents employeurs. En principe, les salari\u00e9s \u00e0 temps partiel ne sont pas li\u00e9s par une clause d\u2019exclusivit\u00e9. Le salari\u00e9 doit respecter l\u2019amplitude maximale de travail et ne pas travailler plus que la dur\u00e9e l\u00e9gale autoris\u00e9e.<\/span><\/p>\n<p style=\"text-align: justify;\"><span style=\"color: #000000;\">L\u2019article L3123-11 du Code du travail dispose que\u00a0: \u00ab\u00a0<strong>Le salari\u00e9 \u00e0 temps partiel b\u00e9n\u00e9ficie des droits reconnus au salari\u00e9 \u00e0 temps complet par la loi,<\/strong><em> les conventions et les accords collectifs d&#8217;entreprise ou d&#8217;\u00e9tablissement sous r\u00e9serve, en ce qui concerne les droits conventionnels, de modalit\u00e9s sp\u00e9cifiques pr\u00e9vues par une convention ou un accord collectif de travail\u00a0\u00bb.<\/em><\/span><\/p>\n<p style=\"text-align: justify;\"><span style=\"color: #000000;\">\u00a0Cette \u00e9galit\u00e9 de droits se traduit\u00a0notamment par le b\u00e9n\u00e9fice int\u00e9gral des avantages non financiers li\u00e9s principalement \u00e0 l\u2019anciennet\u00e9, le calcul au prorata pour les avantages financiers li\u00e9s au temps de travail<\/span><\/p>\n<p style=\"text-align: justify;\"><span style=\"color: #000000;\">Cette reconnaissance des droits du salari\u00e9 \u00e0 temps partiel s\u2019exerce \u00e9galement en mati\u00e8re de cong\u00e9s pay\u00e9s. En effet, le calcul des jours de cong\u00e9s pay\u00e9s s\u2019effectue par mois de travail effectif.<\/span><\/p>\n<p style=\"text-align: justify;\"><span style=\"color: #000000;\">Selon l\u2019article L3142-1 du Code du travail, il b\u00e9n\u00e9ficie \u00e9galement des m\u00eames droits \u00e0 cong\u00e9s pour les \u00e9v\u00e9nements familiaux.<\/span><\/p>\n<p style=\"text-align: justify;\"><span style=\"color: #000000;\">Concernant le recrutement, la loi pr\u00e9voit que les p\u00e9riodes d\u2019essai des salari\u00e9s \u00e0 temps partiel ne peuvent \u00eatre sup\u00e9rieure \u00e0 celles des salari\u00e9s \u00e0 temps plein.<\/span><\/p>\n<p style=\"text-align: justify;\"><span style=\"color: #000000;\">Enfin, l\u2019article L3123-11 du Code du travail pr\u00e9voit que la d\u00e9termination des droits li\u00e9s \u00e0 l\u2019anciennet\u00e9 est faite comme si les salari\u00e9s \u00e0 temps partiel occupent un poste \u00e0 temps complet.<\/span><\/p>\n<p style=\"text-align: justify;\"><span style=\"color: #000000;\">En d\u00e9finitive, le contrat de travail \u00e0 temps partiel est strictement encadr\u00e9. Un respect des conditions de mise en place de ce type de contrat est essentiel pour \u00e9viter tout contentieux. La loi de s\u00e9curisation de l\u2019emploi a encore fait \u00e9voluer ce contrat, notamment en ce qui concerne les heures compl\u00e9mentaires, que j\u2019aborderai dans un prochain article.<\/span><\/p>\n","protected":false},"excerpt":{"rendered":"<p>La loi d\u00e9finit le salari\u00e9 \u00e0 temps partiel comme tout salari\u00e9 dont l\u2019horaire de travail est inf\u00e9rieur \u00e0\u00a0un horaire \u00e0 temps plein (article L. 3123-1 du Code du travail).\u00a0La dur\u00e9e contractuelle fix\u00e9e dans le contrat est soit inf\u00e9rieur \u00e0 la dur\u00e9e l\u00e9gale, soit \u00e0 celle de la dur\u00e9e conventionnelle applicable dans l\u2019entreprise. Le contrat de [&hellip;]<\/p>\n","protected":false},"author":3,"featured_media":71,"comment_status":"open","ping_status":"open","sticky":false,"template":"","format":"standard","meta":{"inline_featured_image":false,"footnotes":""},"categories":[16],"tags":[6,75],"class_list":["post-280","post","type-post","status-publish","format-standard","has-post-thumbnail","hentry","category-contrat","tag-contrat-de-travail","tag-duree-de-travail"],"yoast_head":"<!-- This site is optimized with the Yoast SEO plugin v27.4 - https:\/\/yoast.com\/product\/yoast-seo-wordpress\/ -->\n<title>Le contrat de travail \u00e0 temps partiel - Avocat du travail<\/title>\n<meta name=\"description\" content=\"Ce contrat de travail est strictement encadr\u00e9, la loi de s\u00e9curisation de l\u2019emploi a fait \u00e9voluer ce contrat \u00e0 temps partiel. SG Avocat conseil en contrat.\" \/>\n<meta name=\"robots\" content=\"index, follow, max-snippet:-1, max-image-preview:large, max-video-preview:-1\" \/>\n<link rel=\"canonical\" href=\"https:\/\/www.garcia-avocat-paris.fr\/licenciement\/le-contrat-de-travail-a-temps-partiel\/\" \/>\n<meta property=\"og:locale\" content=\"fr_FR\" \/>\n<meta property=\"og:type\" content=\"article\" \/>\n<meta property=\"og:title\" content=\"Le contrat de travail \u00e0 temps partiel - Avocat du travail\" \/>\n<meta property=\"og:description\" content=\"Ce contrat de travail est strictement encadr\u00e9, la loi de s\u00e9curisation de l\u2019emploi a fait \u00e9voluer ce contrat \u00e0 temps partiel. SG Avocat conseil en contrat.\" \/>\n<meta property=\"og:url\" content=\"https:\/\/www.garcia-avocat-paris.fr\/licenciement\/le-contrat-de-travail-a-temps-partiel\/\" \/>\n<meta property=\"og:site_name\" content=\"Avocat Licenciement - Avocat Droit du Travail | Sarah GARCIA\" \/>\n<meta property=\"article:publisher\" content=\"https:\/\/www.facebook.com\/Cabinet.SG.Avocat.Paris\" \/>\n<meta property=\"article:published_time\" content=\"2014-08-10T08:17:47+00:00\" \/>\n<meta property=\"article:modified_time\" content=\"2024-05-13T13:43:11+00:00\" \/>\n<meta property=\"og:image\" content=\"https:\/\/www.garcia-avocat-paris.fr\/licenciement\/wp-content\/uploads\/2014\/09\/50-e1428704214828.jpg\" \/>\n\t<meta property=\"og:image:width\" content=\"452\" \/>\n\t<meta property=\"og:image:height\" content=\"303\" \/>\n\t<meta property=\"og:image:type\" content=\"image\/jpeg\" \/>\n<meta name=\"author\" content=\"Ma\u00eetre Sarah Garcia\" \/>\n<meta name=\"twitter:card\" content=\"summary_large_image\" \/>\n<meta name=\"twitter:creator\" content=\"@GarciaAvocat\" \/>\n<meta name=\"twitter:site\" content=\"@GarciaAvocat\" \/>\n<meta name=\"twitter:label1\" content=\"\u00c9crit par\" \/>\n\t<meta name=\"twitter:data1\" content=\"Ma\u00eetre Sarah Garcia\" \/>\n\t<meta name=\"twitter:label2\" content=\"Dur\u00e9e de lecture estim\u00e9e\" \/>\n\t<meta name=\"twitter:data2\" content=\"7 minutes\" \/>\n<script type=\"application\/ld+json\" class=\"yoast-schema-graph\">{\"@context\":\"https:\\\/\\\/schema.org\",\"@graph\":[{\"@type\":\"Article\",\"@id\":\"https:\\\/\\\/www.garcia-avocat-paris.fr\\\/licenciement\\\/le-contrat-de-travail-a-temps-partiel\\\/#article\",\"isPartOf\":{\"@id\":\"https:\\\/\\\/www.garcia-avocat-paris.fr\\\/licenciement\\\/le-contrat-de-travail-a-temps-partiel\\\/\"},\"author\":{\"name\":\"Ma\u00eetre Sarah Garcia\",\"@id\":\"https:\\\/\\\/www.garcia-avocat-paris.fr\\\/licenciement\\\/#\\\/schema\\\/person\\\/05adcab2a318b965f3632de28b7a2ba6\"},\"headline\":\"Le contrat de travail \u00e0 temps partiel\",\"datePublished\":\"2014-08-10T08:17:47+00:00\",\"dateModified\":\"2024-05-13T13:43:11+00:00\",\"mainEntityOfPage\":{\"@id\":\"https:\\\/\\\/www.garcia-avocat-paris.fr\\\/licenciement\\\/le-contrat-de-travail-a-temps-partiel\\\/\"},\"wordCount\":1268,\"commentCount\":0,\"publisher\":{\"@id\":\"https:\\\/\\\/www.garcia-avocat-paris.fr\\\/licenciement\\\/#organization\"},\"image\":{\"@id\":\"https:\\\/\\\/www.garcia-avocat-paris.fr\\\/licenciement\\\/le-contrat-de-travail-a-temps-partiel\\\/#primaryimage\"},\"thumbnailUrl\":\"https:\\\/\\\/www.garcia-avocat-paris.fr\\\/licenciement\\\/wp-content\\\/uploads\\\/2014\\\/09\\\/50-e1428704214828.jpg\",\"keywords\":[\"contrat de travail\",\"dur\u00e9e de travail\"],\"articleSection\":[\"contrat\"],\"inLanguage\":\"fr-FR\",\"potentialAction\":[{\"@type\":\"CommentAction\",\"name\":\"Comment\",\"target\":[\"https:\\\/\\\/www.garcia-avocat-paris.fr\\\/licenciement\\\/le-contrat-de-travail-a-temps-partiel\\\/#respond\"]}]},{\"@type\":\"WebPage\",\"@id\":\"https:\\\/\\\/www.garcia-avocat-paris.fr\\\/licenciement\\\/le-contrat-de-travail-a-temps-partiel\\\/\",\"url\":\"https:\\\/\\\/www.garcia-avocat-paris.fr\\\/licenciement\\\/le-contrat-de-travail-a-temps-partiel\\\/\",\"name\":\"Le contrat de travail \u00e0 temps partiel - Avocat du travail\",\"isPartOf\":{\"@id\":\"https:\\\/\\\/www.garcia-avocat-paris.fr\\\/licenciement\\\/#website\"},\"primaryImageOfPage\":{\"@id\":\"https:\\\/\\\/www.garcia-avocat-paris.fr\\\/licenciement\\\/le-contrat-de-travail-a-temps-partiel\\\/#primaryimage\"},\"image\":{\"@id\":\"https:\\\/\\\/www.garcia-avocat-paris.fr\\\/licenciement\\\/le-contrat-de-travail-a-temps-partiel\\\/#primaryimage\"},\"thumbnailUrl\":\"https:\\\/\\\/www.garcia-avocat-paris.fr\\\/licenciement\\\/wp-content\\\/uploads\\\/2014\\\/09\\\/50-e1428704214828.jpg\",\"datePublished\":\"2014-08-10T08:17:47+00:00\",\"dateModified\":\"2024-05-13T13:43:11+00:00\",\"description\":\"Ce contrat de travail est strictement encadr\u00e9, la loi de s\u00e9curisation de l\u2019emploi a fait \u00e9voluer ce contrat \u00e0 temps partiel. SG Avocat conseil en contrat.\",\"breadcrumb\":{\"@id\":\"https:\\\/\\\/www.garcia-avocat-paris.fr\\\/licenciement\\\/le-contrat-de-travail-a-temps-partiel\\\/#breadcrumb\"},\"inLanguage\":\"fr-FR\",\"potentialAction\":[{\"@type\":\"ReadAction\",\"target\":[\"https:\\\/\\\/www.garcia-avocat-paris.fr\\\/licenciement\\\/le-contrat-de-travail-a-temps-partiel\\\/\"]}]},{\"@type\":\"ImageObject\",\"inLanguage\":\"fr-FR\",\"@id\":\"https:\\\/\\\/www.garcia-avocat-paris.fr\\\/licenciement\\\/le-contrat-de-travail-a-temps-partiel\\\/#primaryimage\",\"url\":\"https:\\\/\\\/www.garcia-avocat-paris.fr\\\/licenciement\\\/wp-content\\\/uploads\\\/2014\\\/09\\\/50-e1428704214828.jpg\",\"contentUrl\":\"https:\\\/\\\/www.garcia-avocat-paris.fr\\\/licenciement\\\/wp-content\\\/uploads\\\/2014\\\/09\\\/50-e1428704214828.jpg\",\"width\":452,\"height\":303},{\"@type\":\"BreadcrumbList\",\"@id\":\"https:\\\/\\\/www.garcia-avocat-paris.fr\\\/licenciement\\\/le-contrat-de-travail-a-temps-partiel\\\/#breadcrumb\",\"itemListElement\":[{\"@type\":\"ListItem\",\"position\":1,\"name\":\"Accueil\",\"item\":\"https:\\\/\\\/www.garcia-avocat-paris.fr\\\/licenciement\\\/\"},{\"@type\":\"ListItem\",\"position\":2,\"name\":\"contrat de travail\",\"item\":\"https:\\\/\\\/www.garcia-avocat-paris.fr\\\/licenciement\\\/tag\\\/contrat-de-travail\\\/\"},{\"@type\":\"ListItem\",\"position\":3,\"name\":\"Le contrat de travail \u00e0 temps partiel\"}]},{\"@type\":\"WebSite\",\"@id\":\"https:\\\/\\\/www.garcia-avocat-paris.fr\\\/licenciement\\\/#website\",\"url\":\"https:\\\/\\\/www.garcia-avocat-paris.fr\\\/licenciement\\\/\",\"name\":\"Avocat Licenciement - Avocat Droit du Travail | Sarah GARCIA\",\"description\":\"Avocat du Travail Paris - Le Blog\",\"publisher\":{\"@id\":\"https:\\\/\\\/www.garcia-avocat-paris.fr\\\/licenciement\\\/#organization\"},\"potentialAction\":[{\"@type\":\"SearchAction\",\"target\":{\"@type\":\"EntryPoint\",\"urlTemplate\":\"https:\\\/\\\/www.garcia-avocat-paris.fr\\\/licenciement\\\/?s={search_term_string}\"},\"query-input\":{\"@type\":\"PropertyValueSpecification\",\"valueRequired\":true,\"valueName\":\"search_term_string\"}}],\"inLanguage\":\"fr-FR\"},{\"@type\":\"Organization\",\"@id\":\"https:\\\/\\\/www.garcia-avocat-paris.fr\\\/licenciement\\\/#organization\",\"name\":\"Cabinet SG Avocat\",\"url\":\"https:\\\/\\\/www.garcia-avocat-paris.fr\\\/licenciement\\\/\",\"logo\":{\"@type\":\"ImageObject\",\"inLanguage\":\"fr-FR\",\"@id\":\"https:\\\/\\\/www.garcia-avocat-paris.fr\\\/licenciement\\\/#\\\/schema\\\/logo\\\/image\\\/\",\"url\":\"https:\\\/\\\/www.garcia-avocat-paris.fr\\\/licenciement\\\/wp-content\\\/uploads\\\/2015\\\/03\\\/Logo-du-cabinet-sg-avocat.jpg\",\"contentUrl\":\"https:\\\/\\\/www.garcia-avocat-paris.fr\\\/licenciement\\\/wp-content\\\/uploads\\\/2015\\\/03\\\/Logo-du-cabinet-sg-avocat.jpg\",\"width\":75,\"height\":79,\"caption\":\"Cabinet SG Avocat\"},\"image\":{\"@id\":\"https:\\\/\\\/www.garcia-avocat-paris.fr\\\/licenciement\\\/#\\\/schema\\\/logo\\\/image\\\/\"},\"sameAs\":[\"https:\\\/\\\/www.facebook.com\\\/Cabinet.SG.Avocat.Paris\",\"https:\\\/\\\/x.com\\\/GarciaAvocat\",\"https:\\\/\\\/www.linkedin.com\\\/pub\\\/sarah-garcia\\\/69\\\/24\\\/12b\"]},{\"@type\":\"Person\",\"@id\":\"https:\\\/\\\/www.garcia-avocat-paris.fr\\\/licenciement\\\/#\\\/schema\\\/person\\\/05adcab2a318b965f3632de28b7a2ba6\",\"name\":\"Ma\u00eetre Sarah Garcia\",\"image\":{\"@type\":\"ImageObject\",\"inLanguage\":\"fr-FR\",\"@id\":\"https:\\\/\\\/secure.gravatar.com\\\/avatar\\\/815b85f978acf8e14c7618bc2b17b334b53c6606a959342bcce4f5ca7ce063e8?s=96&d=mm&r=g\",\"url\":\"https:\\\/\\\/secure.gravatar.com\\\/avatar\\\/815b85f978acf8e14c7618bc2b17b334b53c6606a959342bcce4f5ca7ce063e8?s=96&d=mm&r=g\",\"contentUrl\":\"https:\\\/\\\/secure.gravatar.com\\\/avatar\\\/815b85f978acf8e14c7618bc2b17b334b53c6606a959342bcce4f5ca7ce063e8?s=96&d=mm&r=g\",\"caption\":\"Ma\u00eetre Sarah Garcia\"},\"description\":\"Avocate au barreau de Paris, Ma\u00eetre Garcia est titulaire d\u2019un doctorat en droit priv\u00e9 ainsi qu'un DEA en droit des affaires et d'un DESS en droit des affaires et fiscalit\u00e9. Avocate en droit des soci\u00e9t\u00e9s, en droit du travail et Avocat CIL.\",\"sameAs\":[\"https:\\\/\\\/www.garcia-avocat-paris.fr\\\/licenciement\"]}]}<\/script>\n<!-- \/ Yoast SEO plugin. -->","yoast_head_json":{"title":"Le contrat de travail \u00e0 temps partiel - Avocat du travail","description":"Ce contrat de travail est strictement encadr\u00e9, la loi de s\u00e9curisation de l\u2019emploi a fait \u00e9voluer ce contrat \u00e0 temps partiel. SG Avocat conseil en contrat.","robots":{"index":"index","follow":"follow","max-snippet":"max-snippet:-1","max-image-preview":"max-image-preview:large","max-video-preview":"max-video-preview:-1"},"canonical":"https:\/\/www.garcia-avocat-paris.fr\/licenciement\/le-contrat-de-travail-a-temps-partiel\/","og_locale":"fr_FR","og_type":"article","og_title":"Le contrat de travail \u00e0 temps partiel - Avocat du travail","og_description":"Ce contrat de travail est strictement encadr\u00e9, la loi de s\u00e9curisation de l\u2019emploi a fait \u00e9voluer ce contrat \u00e0 temps partiel. SG Avocat conseil en contrat.","og_url":"https:\/\/www.garcia-avocat-paris.fr\/licenciement\/le-contrat-de-travail-a-temps-partiel\/","og_site_name":"Avocat Licenciement - Avocat Droit du Travail | Sarah GARCIA","article_publisher":"https:\/\/www.facebook.com\/Cabinet.SG.Avocat.Paris","article_published_time":"2014-08-10T08:17:47+00:00","article_modified_time":"2024-05-13T13:43:11+00:00","og_image":[{"width":452,"height":303,"url":"https:\/\/www.garcia-avocat-paris.fr\/licenciement\/wp-content\/uploads\/2014\/09\/50-e1428704214828.jpg","type":"image\/jpeg"}],"author":"Ma\u00eetre Sarah Garcia","twitter_card":"summary_large_image","twitter_creator":"@GarciaAvocat","twitter_site":"@GarciaAvocat","twitter_misc":{"\u00c9crit par":"Ma\u00eetre Sarah Garcia","Dur\u00e9e de lecture estim\u00e9e":"7 minutes"},"schema":{"@context":"https:\/\/schema.org","@graph":[{"@type":"Article","@id":"https:\/\/www.garcia-avocat-paris.fr\/licenciement\/le-contrat-de-travail-a-temps-partiel\/#article","isPartOf":{"@id":"https:\/\/www.garcia-avocat-paris.fr\/licenciement\/le-contrat-de-travail-a-temps-partiel\/"},"author":{"name":"Ma\u00eetre Sarah Garcia","@id":"https:\/\/www.garcia-avocat-paris.fr\/licenciement\/#\/schema\/person\/05adcab2a318b965f3632de28b7a2ba6"},"headline":"Le contrat de travail \u00e0 temps partiel","datePublished":"2014-08-10T08:17:47+00:00","dateModified":"2024-05-13T13:43:11+00:00","mainEntityOfPage":{"@id":"https:\/\/www.garcia-avocat-paris.fr\/licenciement\/le-contrat-de-travail-a-temps-partiel\/"},"wordCount":1268,"commentCount":0,"publisher":{"@id":"https:\/\/www.garcia-avocat-paris.fr\/licenciement\/#organization"},"image":{"@id":"https:\/\/www.garcia-avocat-paris.fr\/licenciement\/le-contrat-de-travail-a-temps-partiel\/#primaryimage"},"thumbnailUrl":"https:\/\/www.garcia-avocat-paris.fr\/licenciement\/wp-content\/uploads\/2014\/09\/50-e1428704214828.jpg","keywords":["contrat de travail","dur\u00e9e de travail"],"articleSection":["contrat"],"inLanguage":"fr-FR","potentialAction":[{"@type":"CommentAction","name":"Comment","target":["https:\/\/www.garcia-avocat-paris.fr\/licenciement\/le-contrat-de-travail-a-temps-partiel\/#respond"]}]},{"@type":"WebPage","@id":"https:\/\/www.garcia-avocat-paris.fr\/licenciement\/le-contrat-de-travail-a-temps-partiel\/","url":"https:\/\/www.garcia-avocat-paris.fr\/licenciement\/le-contrat-de-travail-a-temps-partiel\/","name":"Le contrat de travail \u00e0 temps partiel - Avocat du travail","isPartOf":{"@id":"https:\/\/www.garcia-avocat-paris.fr\/licenciement\/#website"},"primaryImageOfPage":{"@id":"https:\/\/www.garcia-avocat-paris.fr\/licenciement\/le-contrat-de-travail-a-temps-partiel\/#primaryimage"},"image":{"@id":"https:\/\/www.garcia-avocat-paris.fr\/licenciement\/le-contrat-de-travail-a-temps-partiel\/#primaryimage"},"thumbnailUrl":"https:\/\/www.garcia-avocat-paris.fr\/licenciement\/wp-content\/uploads\/2014\/09\/50-e1428704214828.jpg","datePublished":"2014-08-10T08:17:47+00:00","dateModified":"2024-05-13T13:43:11+00:00","description":"Ce contrat de travail est strictement encadr\u00e9, la loi de s\u00e9curisation de l\u2019emploi a fait \u00e9voluer ce contrat \u00e0 temps partiel. SG Avocat conseil en contrat.","breadcrumb":{"@id":"https:\/\/www.garcia-avocat-paris.fr\/licenciement\/le-contrat-de-travail-a-temps-partiel\/#breadcrumb"},"inLanguage":"fr-FR","potentialAction":[{"@type":"ReadAction","target":["https:\/\/www.garcia-avocat-paris.fr\/licenciement\/le-contrat-de-travail-a-temps-partiel\/"]}]},{"@type":"ImageObject","inLanguage":"fr-FR","@id":"https:\/\/www.garcia-avocat-paris.fr\/licenciement\/le-contrat-de-travail-a-temps-partiel\/#primaryimage","url":"https:\/\/www.garcia-avocat-paris.fr\/licenciement\/wp-content\/uploads\/2014\/09\/50-e1428704214828.jpg","contentUrl":"https:\/\/www.garcia-avocat-paris.fr\/licenciement\/wp-content\/uploads\/2014\/09\/50-e1428704214828.jpg","width":452,"height":303},{"@type":"BreadcrumbList","@id":"https:\/\/www.garcia-avocat-paris.fr\/licenciement\/le-contrat-de-travail-a-temps-partiel\/#breadcrumb","itemListElement":[{"@type":"ListItem","position":1,"name":"Accueil","item":"https:\/\/www.garcia-avocat-paris.fr\/licenciement\/"},{"@type":"ListItem","position":2,"name":"contrat de travail","item":"https:\/\/www.garcia-avocat-paris.fr\/licenciement\/tag\/contrat-de-travail\/"},{"@type":"ListItem","position":3,"name":"Le contrat de travail \u00e0 temps partiel"}]},{"@type":"WebSite","@id":"https:\/\/www.garcia-avocat-paris.fr\/licenciement\/#website","url":"https:\/\/www.garcia-avocat-paris.fr\/licenciement\/","name":"Avocat Licenciement - Avocat Droit du Travail | Sarah GARCIA","description":"Avocat du Travail Paris - Le Blog","publisher":{"@id":"https:\/\/www.garcia-avocat-paris.fr\/licenciement\/#organization"},"potentialAction":[{"@type":"SearchAction","target":{"@type":"EntryPoint","urlTemplate":"https:\/\/www.garcia-avocat-paris.fr\/licenciement\/?s={search_term_string}"},"query-input":{"@type":"PropertyValueSpecification","valueRequired":true,"valueName":"search_term_string"}}],"inLanguage":"fr-FR"},{"@type":"Organization","@id":"https:\/\/www.garcia-avocat-paris.fr\/licenciement\/#organization","name":"Cabinet SG Avocat","url":"https:\/\/www.garcia-avocat-paris.fr\/licenciement\/","logo":{"@type":"ImageObject","inLanguage":"fr-FR","@id":"https:\/\/www.garcia-avocat-paris.fr\/licenciement\/#\/schema\/logo\/image\/","url":"https:\/\/www.garcia-avocat-paris.fr\/licenciement\/wp-content\/uploads\/2015\/03\/Logo-du-cabinet-sg-avocat.jpg","contentUrl":"https:\/\/www.garcia-avocat-paris.fr\/licenciement\/wp-content\/uploads\/2015\/03\/Logo-du-cabinet-sg-avocat.jpg","width":75,"height":79,"caption":"Cabinet SG Avocat"},"image":{"@id":"https:\/\/www.garcia-avocat-paris.fr\/licenciement\/#\/schema\/logo\/image\/"},"sameAs":["https:\/\/www.facebook.com\/Cabinet.SG.Avocat.Paris","https:\/\/x.com\/GarciaAvocat","https:\/\/www.linkedin.com\/pub\/sarah-garcia\/69\/24\/12b"]},{"@type":"Person","@id":"https:\/\/www.garcia-avocat-paris.fr\/licenciement\/#\/schema\/person\/05adcab2a318b965f3632de28b7a2ba6","name":"Ma\u00eetre Sarah Garcia","image":{"@type":"ImageObject","inLanguage":"fr-FR","@id":"https:\/\/secure.gravatar.com\/avatar\/815b85f978acf8e14c7618bc2b17b334b53c6606a959342bcce4f5ca7ce063e8?s=96&d=mm&r=g","url":"https:\/\/secure.gravatar.com\/avatar\/815b85f978acf8e14c7618bc2b17b334b53c6606a959342bcce4f5ca7ce063e8?s=96&d=mm&r=g","contentUrl":"https:\/\/secure.gravatar.com\/avatar\/815b85f978acf8e14c7618bc2b17b334b53c6606a959342bcce4f5ca7ce063e8?s=96&d=mm&r=g","caption":"Ma\u00eetre Sarah Garcia"},"description":"Avocate au barreau de Paris, Ma\u00eetre Garcia est titulaire d\u2019un doctorat en droit priv\u00e9 ainsi qu'un DEA en droit des affaires et d'un DESS en droit des affaires et fiscalit\u00e9. Avocate en droit des soci\u00e9t\u00e9s, en droit du travail et Avocat CIL.","sameAs":["https:\/\/www.garcia-avocat-paris.fr\/licenciement"]}]}},"views":146,"_links":{"self":[{"href":"https:\/\/www.garcia-avocat-paris.fr\/licenciement\/wp-json\/wp\/v2\/posts\/280","targetHints":{"allow":["GET"]}}],"collection":[{"href":"https:\/\/www.garcia-avocat-paris.fr\/licenciement\/wp-json\/wp\/v2\/posts"}],"about":[{"href":"https:\/\/www.garcia-avocat-paris.fr\/licenciement\/wp-json\/wp\/v2\/types\/post"}],"author":[{"embeddable":true,"href":"https:\/\/www.garcia-avocat-paris.fr\/licenciement\/wp-json\/wp\/v2\/users\/3"}],"replies":[{"embeddable":true,"href":"https:\/\/www.garcia-avocat-paris.fr\/licenciement\/wp-json\/wp\/v2\/comments?post=280"}],"version-history":[{"count":0,"href":"https:\/\/www.garcia-avocat-paris.fr\/licenciement\/wp-json\/wp\/v2\/posts\/280\/revisions"}],"wp:featuredmedia":[{"embeddable":true,"href":"https:\/\/www.garcia-avocat-paris.fr\/licenciement\/wp-json\/wp\/v2\/media\/71"}],"wp:attachment":[{"href":"https:\/\/www.garcia-avocat-paris.fr\/licenciement\/wp-json\/wp\/v2\/media?parent=280"}],"wp:term":[{"taxonomy":"category","embeddable":true,"href":"https:\/\/www.garcia-avocat-paris.fr\/licenciement\/wp-json\/wp\/v2\/categories?post=280"},{"taxonomy":"post_tag","embeddable":true,"href":"https:\/\/www.garcia-avocat-paris.fr\/licenciement\/wp-json\/wp\/v2\/tags?post=280"}],"curies":[{"name":"wp","href":"https:\/\/api.w.org\/{rel}","templated":true}]}}