{"id":25986,"date":"2024-12-02T13:18:05","date_gmt":"2024-12-02T12:18:05","guid":{"rendered":"https:\/\/www.garcia-avocat-paris.fr\/licenciement\/?p=25986"},"modified":"2024-12-02T13:18:06","modified_gmt":"2024-12-02T12:18:06","slug":"inaptitude-cpam-juge","status":"publish","type":"post","link":"https:\/\/www.garcia-avocat-paris.fr\/licenciement\/inaptitude-cpam-juge\/","title":{"rendered":"Inaptitude et accident du travail : la CPAM lie le juge prud&#8217;homal"},"content":{"rendered":"\n<p><a href=\"https:\/\/www.courdecassation.fr\/decision\/66eab8eb49e2d93736d98a83\" target=\"_blank\" rel=\"noopener\">Cass. soc., 18 sept. 2024, n\u00b0 22-22.782, B<\/a><\/p>\n<p style=\"text-align: justify;\">La Cour de cassation, dans un arr\u00eat du 18 septembre 2024, se prononce sur le r\u00f4le du juge prud&#8217;homal en cas de litige concernant l&#8217;origine professionnelle d&#8217;une inaptitude. Si la CPAM a reconnu un accident du travail, cette d\u00e9cision s&#8217;impose au juge, qui doit alors v\u00e9rifier le lien entre cet accident et l&#8217;inaptitude, ainsi que la connaissance de ce lien par l&#8217;employeur.<\/p>\n<p>\u00a0<\/p>\n<h2><strong><u>1. Les faits<\/u><\/strong><\/h2>\n<p style=\"text-align: justify;\">Un salari\u00e9 (tuyauteur), victime d&#8217;un accident du travail reconnu par la CPAM, a \u00e9t\u00e9 d\u00e9clar\u00e9 inapte \u00e0 son poste. Faute de pouvoir le reclasser, son employeur a obtenu l&#8217;autorisation de l&#8217;inspection du travail pour le licencier.<\/p>\n<p style=\"text-align: justify;\">Licenci\u00e9 pour inaptitude, le salari\u00e9 a contest\u00e9 cette d\u00e9cision devant le conseil de prud&#8217;hommes. Il demandait notamment le paiement de l&#8217;indemnit\u00e9 sp\u00e9ciale de licenciement et de l&#8217;indemnit\u00e9 compensatrice de pr\u00e9avis, pr\u00e9vues en cas de licenciement pour inaptitude.<\/p>\n<p style=\"text-align: justify;\">La cour d&#8217;appel a rejet\u00e9 les demandes du salari\u00e9, estimant qu&#8217;il n&#8217;avait pas prouv\u00e9 le lien entre son inaptitude et l&#8217;accident du travail.<\/p>\n<p style=\"text-align: justify;\">Selon elle, il appartenait au salari\u00e9 d&#8217;apporter cette preuve, ind\u00e9pendamment de la reconnaissance de l&#8217;accident par la CPAM. En l&#8217;absence de t\u00e9moin et de preuves mat\u00e9rielles, la cour a consid\u00e9r\u00e9 qu&#8217;un doute subsistait sur la r\u00e9alit\u00e9 de l&#8217;accident, et a donc \u00e9cart\u00e9 l&#8217;origine professionnelle de l&#8217;inaptitude.<\/p>\n<p style=\"text-align: justify;\">La Cour de cassation a censur\u00e9 la d\u00e9cision de la cour d&#8217;appel. Elle rappelle que si l&#8217;inaptitude d&#8217;un salari\u00e9 est li\u00e9e \u00e0 un accident du travail reconnu par la CPAM, le juge prud&#8217;homal doit tenir compte de cette reconnaissance. Il lui revient alors de d\u00e9terminer si l&#8217;inaptitude est bien la cons\u00e9quence de cet accident et si l&#8217;employeur en avait connaissance.<\/p>\n<p style=\"text-align: justify;\">Ainsi, dans cette affaire, la cour d&#8217;appel a eu tort d&#8217;ignorer la reconnaissance de l&#8217;accident du travail par la CPAM et de rejeter les demandes d&#8217;indemnisation du salari\u00e9. En effet, celui-ci avait droit \u00e0 l&#8217;indemnit\u00e9 sp\u00e9ciale de licenciement et \u00e0 l&#8217;indemnit\u00e9 compensatrice de pr\u00e9avis, puisque son inaptitude \u00e9tait li\u00e9e \u00e0 un accident du travail reconnu.<\/p>\n<p>\u00a0<\/p>\n<h2><strong><u>2. Les enseignements : la d\u00e9cision de la CPAM qui reconna\u00eet un accident du travail s\u2019impose au juge prud\u2019homal<\/u><\/strong><\/h2>\n<p style=\"text-align: justify;\">La Cour de cassation, dans cet arr\u00eat vient de rappeler les r\u00e8gles relatives \u00e0 l&#8217;inaptitude d&#8217;origine professionnelle.<\/p>\n<p style=\"text-align: justify;\">Elle souligne que les protections accord\u00e9es aux salari\u00e9s victimes d&#8217;un accident du travail ou d&#8217;une maladie professionnelle, notamment en mati\u00e8re de reclassement (article L. 1226-10 du Code du travail) et d&#8217;indemnisation (article L. 1226-14 du Code du travail), s&#8217;appliquent d\u00e8s lors que l&#8217;inaptitude est li\u00e9e, m\u00eame partiellement, \u00e0 cet accident ou \u00e0 cette maladie.<\/p>\n<p style=\"text-align: justify;\">La Haute juridiction pr\u00e9cise \u00e9galement que la reconnaissance d&#8217;un accident du travail par la CPAM s&#8217;impose au juge prud&#8217;homal. Ce dernier ne peut donc pas remettre en cause cette reconnaissance. Son r\u00f4le est alors de v\u00e9rifier l&#8217;existence d&#8217;un lien de causalit\u00e9 entre l&#8217;accident et l&#8217;inaptitude, et de s&#8217;assurer que l&#8217;employeur avait connaissance de l&#8217;origine professionnelle de l&#8217;inaptitude au moment du licenciement.<\/p>\n<p style=\"text-align: justify;\">En l&#8217;esp\u00e8ce, la cour d&#8217;appel avait rejet\u00e9 les demandes d&#8217;indemnisation du salari\u00e9, estimant qu&#8217;il n&#8217;avait pas prouv\u00e9 le lien entre son inaptitude et l&#8217;accident du travail reconnu par la CPAM. La Cour de cassation censure cette d\u00e9cision, rappelant que la reconnaissance de l&#8217;accident par la CPAM lie le juge prud&#8217;homal. Ce dernier aurait d\u00fb se prononcer sur le lien de causalit\u00e9 entre l&#8217;accident et l&#8217;inaptitude, et non rejeter les demandes du salari\u00e9 au motif qu&#8217;il n&#8217;avait pas apport\u00e9 la preuve de l&#8217;accident.<\/p>\n<p style=\"text-align: justify;\">Cet arr\u00eat confirme la jurisprudence constante de la Cour de cassation en la mati\u00e8re (voir notamment Cass. soc., 7 mai 2024, n\u00b0 22-10.905) et rappelle l&#8217;importance de la reconnaissance d&#8217;un accident du travail par la CPAM dans le cadre d&#8217;un litige relatif \u00e0 une inaptitude d&#8217;origine professionnelle.<\/p>\n","protected":false},"excerpt":{"rendered":"<p>Cass. soc., 18 sept. 2024, n\u00b0 22-22.782, B La Cour de cassation, dans un arr\u00eat du 18 septembre 2024, se prononce sur le r\u00f4le du juge prud&#8217;homal en cas de litige concernant l&#8217;origine professionnelle d&#8217;une inaptitude. Si la CPAM a reconnu un accident du travail, cette d\u00e9cision s&#8217;impose au juge, qui doit alors v\u00e9rifier le [&hellip;]<\/p>\n","protected":false},"author":3,"featured_media":25987,"comment_status":"closed","ping_status":"closed","sticky":false,"template":"","format":"standard","meta":{"inline_featured_image":false,"footnotes":""},"categories":[3],"tags":[217,216,213],"class_list":["post-25986","post","type-post","status-publish","format-standard","has-post-thumbnail","hentry","category-droit-du-travail","tag-accident-du-travail","tag-cpam","tag-inaptitude"],"yoast_head":"<!-- This site is optimized with the Yoast SEO plugin v27.4 - https:\/\/yoast.com\/product\/yoast-seo-wordpress\/ -->\n<title>Inaptitude et accident du travail : la CPAM lie le juge prud&#039;homal<\/title>\n<meta name=\"description\" content=\"la d\u00e9cision de la CPAM qui reconna\u00eet un accident du travail s\u2019impose au juge prud\u2019homal\" \/>\n<meta name=\"robots\" content=\"index, follow, max-snippet:-1, max-image-preview:large, max-video-preview:-1\" \/>\n<link rel=\"canonical\" href=\"https:\/\/www.garcia-avocat-paris.fr\/licenciement\/inaptitude-cpam-juge\/\" \/>\n<meta property=\"og:locale\" content=\"fr_FR\" \/>\n<meta property=\"og:type\" content=\"article\" \/>\n<meta property=\"og:title\" content=\"Inaptitude et accident du travail : la CPAM lie le juge prud&#039;homal\" \/>\n<meta property=\"og:description\" content=\"la d\u00e9cision de la CPAM qui reconna\u00eet un accident du travail s\u2019impose au juge prud\u2019homal\" \/>\n<meta property=\"og:url\" content=\"https:\/\/www.garcia-avocat-paris.fr\/licenciement\/inaptitude-cpam-juge\/\" \/>\n<meta property=\"og:site_name\" content=\"Avocat Licenciement - Avocat Droit du Travail | Sarah GARCIA\" \/>\n<meta property=\"article:publisher\" content=\"https:\/\/www.facebook.com\/Cabinet.SG.Avocat.Paris\" \/>\n<meta property=\"article:published_time\" content=\"2024-12-02T12:18:05+00:00\" \/>\n<meta property=\"article:modified_time\" content=\"2024-12-02T12:18:06+00:00\" \/>\n<meta property=\"og:image\" content=\"https:\/\/www.garcia-avocat-paris.fr\/licenciement\/wp-content\/uploads\/2024\/11\/Accident-scaled.jpg\" \/>\n\t<meta property=\"og:image:width\" content=\"2560\" \/>\n\t<meta property=\"og:image:height\" content=\"1707\" \/>\n\t<meta property=\"og:image:type\" content=\"image\/jpeg\" \/>\n<meta name=\"author\" content=\"Ma\u00eetre Sarah Garcia\" \/>\n<meta name=\"twitter:card\" content=\"summary_large_image\" \/>\n<meta name=\"twitter:creator\" content=\"@GarciaAvocat\" \/>\n<meta name=\"twitter:site\" content=\"@GarciaAvocat\" \/>\n<meta name=\"twitter:label1\" content=\"\u00c9crit par\" \/>\n\t<meta name=\"twitter:data1\" content=\"Ma\u00eetre Sarah Garcia\" \/>\n\t<meta name=\"twitter:label2\" content=\"Dur\u00e9e de lecture estim\u00e9e\" \/>\n\t<meta name=\"twitter:data2\" content=\"4 minutes\" \/>\n<script type=\"application\/ld+json\" class=\"yoast-schema-graph\">{\"@context\":\"https:\\\/\\\/schema.org\",\"@graph\":[{\"@type\":\"Article\",\"@id\":\"https:\\\/\\\/www.garcia-avocat-paris.fr\\\/licenciement\\\/inaptitude-cpam-juge\\\/#article\",\"isPartOf\":{\"@id\":\"https:\\\/\\\/www.garcia-avocat-paris.fr\\\/licenciement\\\/inaptitude-cpam-juge\\\/\"},\"author\":{\"name\":\"Ma\u00eetre Sarah Garcia\",\"@id\":\"https:\\\/\\\/www.garcia-avocat-paris.fr\\\/licenciement\\\/#\\\/schema\\\/person\\\/05adcab2a318b965f3632de28b7a2ba6\"},\"headline\":\"Inaptitude et accident du travail : la CPAM lie le juge prud&#8217;homal\",\"datePublished\":\"2024-12-02T12:18:05+00:00\",\"dateModified\":\"2024-12-02T12:18:06+00:00\",\"mainEntityOfPage\":{\"@id\":\"https:\\\/\\\/www.garcia-avocat-paris.fr\\\/licenciement\\\/inaptitude-cpam-juge\\\/\"},\"wordCount\":714,\"publisher\":{\"@id\":\"https:\\\/\\\/www.garcia-avocat-paris.fr\\\/licenciement\\\/#organization\"},\"image\":{\"@id\":\"https:\\\/\\\/www.garcia-avocat-paris.fr\\\/licenciement\\\/inaptitude-cpam-juge\\\/#primaryimage\"},\"thumbnailUrl\":\"https:\\\/\\\/www.garcia-avocat-paris.fr\\\/licenciement\\\/wp-content\\\/uploads\\\/2024\\\/11\\\/Accident-scaled.jpg\",\"keywords\":[\"accident du travail\",\"CPAM\",\"Inaptitude\"],\"articleSection\":[\"droit du travail\"],\"inLanguage\":\"fr-FR\"},{\"@type\":\"WebPage\",\"@id\":\"https:\\\/\\\/www.garcia-avocat-paris.fr\\\/licenciement\\\/inaptitude-cpam-juge\\\/\",\"url\":\"https:\\\/\\\/www.garcia-avocat-paris.fr\\\/licenciement\\\/inaptitude-cpam-juge\\\/\",\"name\":\"Inaptitude et accident du travail : la CPAM lie le juge prud'homal\",\"isPartOf\":{\"@id\":\"https:\\\/\\\/www.garcia-avocat-paris.fr\\\/licenciement\\\/#website\"},\"primaryImageOfPage\":{\"@id\":\"https:\\\/\\\/www.garcia-avocat-paris.fr\\\/licenciement\\\/inaptitude-cpam-juge\\\/#primaryimage\"},\"image\":{\"@id\":\"https:\\\/\\\/www.garcia-avocat-paris.fr\\\/licenciement\\\/inaptitude-cpam-juge\\\/#primaryimage\"},\"thumbnailUrl\":\"https:\\\/\\\/www.garcia-avocat-paris.fr\\\/licenciement\\\/wp-content\\\/uploads\\\/2024\\\/11\\\/Accident-scaled.jpg\",\"datePublished\":\"2024-12-02T12:18:05+00:00\",\"dateModified\":\"2024-12-02T12:18:06+00:00\",\"description\":\"la d\u00e9cision de la CPAM qui reconna\u00eet un accident du travail s\u2019impose au juge prud\u2019homal\",\"breadcrumb\":{\"@id\":\"https:\\\/\\\/www.garcia-avocat-paris.fr\\\/licenciement\\\/inaptitude-cpam-juge\\\/#breadcrumb\"},\"inLanguage\":\"fr-FR\",\"potentialAction\":[{\"@type\":\"ReadAction\",\"target\":[\"https:\\\/\\\/www.garcia-avocat-paris.fr\\\/licenciement\\\/inaptitude-cpam-juge\\\/\"]}]},{\"@type\":\"ImageObject\",\"inLanguage\":\"fr-FR\",\"@id\":\"https:\\\/\\\/www.garcia-avocat-paris.fr\\\/licenciement\\\/inaptitude-cpam-juge\\\/#primaryimage\",\"url\":\"https:\\\/\\\/www.garcia-avocat-paris.fr\\\/licenciement\\\/wp-content\\\/uploads\\\/2024\\\/11\\\/Accident-scaled.jpg\",\"contentUrl\":\"https:\\\/\\\/www.garcia-avocat-paris.fr\\\/licenciement\\\/wp-content\\\/uploads\\\/2024\\\/11\\\/Accident-scaled.jpg\",\"width\":2560,\"height\":1707,\"caption\":\"accident du travail\"},{\"@type\":\"BreadcrumbList\",\"@id\":\"https:\\\/\\\/www.garcia-avocat-paris.fr\\\/licenciement\\\/inaptitude-cpam-juge\\\/#breadcrumb\",\"itemListElement\":[{\"@type\":\"ListItem\",\"position\":1,\"name\":\"Accueil\",\"item\":\"https:\\\/\\\/www.garcia-avocat-paris.fr\\\/licenciement\\\/\"},{\"@type\":\"ListItem\",\"position\":2,\"name\":\"accident du travail\",\"item\":\"https:\\\/\\\/www.garcia-avocat-paris.fr\\\/licenciement\\\/tag\\\/accident-du-travail\\\/\"},{\"@type\":\"ListItem\",\"position\":3,\"name\":\"Inaptitude et accident du travail : la CPAM lie le juge prud&rsquo;homal\"}]},{\"@type\":\"WebSite\",\"@id\":\"https:\\\/\\\/www.garcia-avocat-paris.fr\\\/licenciement\\\/#website\",\"url\":\"https:\\\/\\\/www.garcia-avocat-paris.fr\\\/licenciement\\\/\",\"name\":\"Avocat Licenciement - Avocat Droit du Travail | Sarah GARCIA\",\"description\":\"Avocat du Travail Paris - Le Blog\",\"publisher\":{\"@id\":\"https:\\\/\\\/www.garcia-avocat-paris.fr\\\/licenciement\\\/#organization\"},\"potentialAction\":[{\"@type\":\"SearchAction\",\"target\":{\"@type\":\"EntryPoint\",\"urlTemplate\":\"https:\\\/\\\/www.garcia-avocat-paris.fr\\\/licenciement\\\/?s={search_term_string}\"},\"query-input\":{\"@type\":\"PropertyValueSpecification\",\"valueRequired\":true,\"valueName\":\"search_term_string\"}}],\"inLanguage\":\"fr-FR\"},{\"@type\":\"Organization\",\"@id\":\"https:\\\/\\\/www.garcia-avocat-paris.fr\\\/licenciement\\\/#organization\",\"name\":\"Cabinet SG Avocat\",\"url\":\"https:\\\/\\\/www.garcia-avocat-paris.fr\\\/licenciement\\\/\",\"logo\":{\"@type\":\"ImageObject\",\"inLanguage\":\"fr-FR\",\"@id\":\"https:\\\/\\\/www.garcia-avocat-paris.fr\\\/licenciement\\\/#\\\/schema\\\/logo\\\/image\\\/\",\"url\":\"https:\\\/\\\/www.garcia-avocat-paris.fr\\\/licenciement\\\/wp-content\\\/uploads\\\/2015\\\/03\\\/Logo-du-cabinet-sg-avocat.jpg\",\"contentUrl\":\"https:\\\/\\\/www.garcia-avocat-paris.fr\\\/licenciement\\\/wp-content\\\/uploads\\\/2015\\\/03\\\/Logo-du-cabinet-sg-avocat.jpg\",\"width\":75,\"height\":79,\"caption\":\"Cabinet SG Avocat\"},\"image\":{\"@id\":\"https:\\\/\\\/www.garcia-avocat-paris.fr\\\/licenciement\\\/#\\\/schema\\\/logo\\\/image\\\/\"},\"sameAs\":[\"https:\\\/\\\/www.facebook.com\\\/Cabinet.SG.Avocat.Paris\",\"https:\\\/\\\/x.com\\\/GarciaAvocat\",\"https:\\\/\\\/www.linkedin.com\\\/pub\\\/sarah-garcia\\\/69\\\/24\\\/12b\"]},{\"@type\":\"Person\",\"@id\":\"https:\\\/\\\/www.garcia-avocat-paris.fr\\\/licenciement\\\/#\\\/schema\\\/person\\\/05adcab2a318b965f3632de28b7a2ba6\",\"name\":\"Ma\u00eetre Sarah Garcia\",\"image\":{\"@type\":\"ImageObject\",\"inLanguage\":\"fr-FR\",\"@id\":\"https:\\\/\\\/secure.gravatar.com\\\/avatar\\\/815b85f978acf8e14c7618bc2b17b334b53c6606a959342bcce4f5ca7ce063e8?s=96&d=mm&r=g\",\"url\":\"https:\\\/\\\/secure.gravatar.com\\\/avatar\\\/815b85f978acf8e14c7618bc2b17b334b53c6606a959342bcce4f5ca7ce063e8?s=96&d=mm&r=g\",\"contentUrl\":\"https:\\\/\\\/secure.gravatar.com\\\/avatar\\\/815b85f978acf8e14c7618bc2b17b334b53c6606a959342bcce4f5ca7ce063e8?s=96&d=mm&r=g\",\"caption\":\"Ma\u00eetre Sarah Garcia\"},\"description\":\"Avocate au barreau de Paris, Ma\u00eetre Garcia est titulaire d\u2019un doctorat en droit priv\u00e9 ainsi qu'un DEA en droit des affaires et d'un DESS en droit des affaires et fiscalit\u00e9. Avocate en droit des soci\u00e9t\u00e9s, en droit du travail et Avocat CIL.\",\"sameAs\":[\"https:\\\/\\\/www.garcia-avocat-paris.fr\\\/licenciement\"]}]}<\/script>\n<!-- \/ Yoast SEO plugin. -->","yoast_head_json":{"title":"Inaptitude et accident du travail : la CPAM lie le juge prud'homal","description":"la d\u00e9cision de la CPAM qui reconna\u00eet un accident du travail s\u2019impose au juge prud\u2019homal","robots":{"index":"index","follow":"follow","max-snippet":"max-snippet:-1","max-image-preview":"max-image-preview:large","max-video-preview":"max-video-preview:-1"},"canonical":"https:\/\/www.garcia-avocat-paris.fr\/licenciement\/inaptitude-cpam-juge\/","og_locale":"fr_FR","og_type":"article","og_title":"Inaptitude et accident du travail : la CPAM lie le juge prud'homal","og_description":"la d\u00e9cision de la CPAM qui reconna\u00eet un accident du travail s\u2019impose au juge prud\u2019homal","og_url":"https:\/\/www.garcia-avocat-paris.fr\/licenciement\/inaptitude-cpam-juge\/","og_site_name":"Avocat Licenciement - Avocat Droit du Travail | Sarah GARCIA","article_publisher":"https:\/\/www.facebook.com\/Cabinet.SG.Avocat.Paris","article_published_time":"2024-12-02T12:18:05+00:00","article_modified_time":"2024-12-02T12:18:06+00:00","og_image":[{"width":2560,"height":1707,"url":"https:\/\/www.garcia-avocat-paris.fr\/licenciement\/wp-content\/uploads\/2024\/11\/Accident-scaled.jpg","type":"image\/jpeg"}],"author":"Ma\u00eetre Sarah Garcia","twitter_card":"summary_large_image","twitter_creator":"@GarciaAvocat","twitter_site":"@GarciaAvocat","twitter_misc":{"\u00c9crit par":"Ma\u00eetre Sarah Garcia","Dur\u00e9e de lecture estim\u00e9e":"4 minutes"},"schema":{"@context":"https:\/\/schema.org","@graph":[{"@type":"Article","@id":"https:\/\/www.garcia-avocat-paris.fr\/licenciement\/inaptitude-cpam-juge\/#article","isPartOf":{"@id":"https:\/\/www.garcia-avocat-paris.fr\/licenciement\/inaptitude-cpam-juge\/"},"author":{"name":"Ma\u00eetre Sarah Garcia","@id":"https:\/\/www.garcia-avocat-paris.fr\/licenciement\/#\/schema\/person\/05adcab2a318b965f3632de28b7a2ba6"},"headline":"Inaptitude et accident du travail : la CPAM lie le juge prud&#8217;homal","datePublished":"2024-12-02T12:18:05+00:00","dateModified":"2024-12-02T12:18:06+00:00","mainEntityOfPage":{"@id":"https:\/\/www.garcia-avocat-paris.fr\/licenciement\/inaptitude-cpam-juge\/"},"wordCount":714,"publisher":{"@id":"https:\/\/www.garcia-avocat-paris.fr\/licenciement\/#organization"},"image":{"@id":"https:\/\/www.garcia-avocat-paris.fr\/licenciement\/inaptitude-cpam-juge\/#primaryimage"},"thumbnailUrl":"https:\/\/www.garcia-avocat-paris.fr\/licenciement\/wp-content\/uploads\/2024\/11\/Accident-scaled.jpg","keywords":["accident du travail","CPAM","Inaptitude"],"articleSection":["droit du travail"],"inLanguage":"fr-FR"},{"@type":"WebPage","@id":"https:\/\/www.garcia-avocat-paris.fr\/licenciement\/inaptitude-cpam-juge\/","url":"https:\/\/www.garcia-avocat-paris.fr\/licenciement\/inaptitude-cpam-juge\/","name":"Inaptitude et accident du travail : la CPAM lie le juge prud'homal","isPartOf":{"@id":"https:\/\/www.garcia-avocat-paris.fr\/licenciement\/#website"},"primaryImageOfPage":{"@id":"https:\/\/www.garcia-avocat-paris.fr\/licenciement\/inaptitude-cpam-juge\/#primaryimage"},"image":{"@id":"https:\/\/www.garcia-avocat-paris.fr\/licenciement\/inaptitude-cpam-juge\/#primaryimage"},"thumbnailUrl":"https:\/\/www.garcia-avocat-paris.fr\/licenciement\/wp-content\/uploads\/2024\/11\/Accident-scaled.jpg","datePublished":"2024-12-02T12:18:05+00:00","dateModified":"2024-12-02T12:18:06+00:00","description":"la d\u00e9cision de la CPAM qui reconna\u00eet un accident du travail s\u2019impose au juge prud\u2019homal","breadcrumb":{"@id":"https:\/\/www.garcia-avocat-paris.fr\/licenciement\/inaptitude-cpam-juge\/#breadcrumb"},"inLanguage":"fr-FR","potentialAction":[{"@type":"ReadAction","target":["https:\/\/www.garcia-avocat-paris.fr\/licenciement\/inaptitude-cpam-juge\/"]}]},{"@type":"ImageObject","inLanguage":"fr-FR","@id":"https:\/\/www.garcia-avocat-paris.fr\/licenciement\/inaptitude-cpam-juge\/#primaryimage","url":"https:\/\/www.garcia-avocat-paris.fr\/licenciement\/wp-content\/uploads\/2024\/11\/Accident-scaled.jpg","contentUrl":"https:\/\/www.garcia-avocat-paris.fr\/licenciement\/wp-content\/uploads\/2024\/11\/Accident-scaled.jpg","width":2560,"height":1707,"caption":"accident du travail"},{"@type":"BreadcrumbList","@id":"https:\/\/www.garcia-avocat-paris.fr\/licenciement\/inaptitude-cpam-juge\/#breadcrumb","itemListElement":[{"@type":"ListItem","position":1,"name":"Accueil","item":"https:\/\/www.garcia-avocat-paris.fr\/licenciement\/"},{"@type":"ListItem","position":2,"name":"accident du travail","item":"https:\/\/www.garcia-avocat-paris.fr\/licenciement\/tag\/accident-du-travail\/"},{"@type":"ListItem","position":3,"name":"Inaptitude et accident du travail : la CPAM lie le juge prud&rsquo;homal"}]},{"@type":"WebSite","@id":"https:\/\/www.garcia-avocat-paris.fr\/licenciement\/#website","url":"https:\/\/www.garcia-avocat-paris.fr\/licenciement\/","name":"Avocat Licenciement - Avocat Droit du Travail | Sarah GARCIA","description":"Avocat du Travail Paris - Le Blog","publisher":{"@id":"https:\/\/www.garcia-avocat-paris.fr\/licenciement\/#organization"},"potentialAction":[{"@type":"SearchAction","target":{"@type":"EntryPoint","urlTemplate":"https:\/\/www.garcia-avocat-paris.fr\/licenciement\/?s={search_term_string}"},"query-input":{"@type":"PropertyValueSpecification","valueRequired":true,"valueName":"search_term_string"}}],"inLanguage":"fr-FR"},{"@type":"Organization","@id":"https:\/\/www.garcia-avocat-paris.fr\/licenciement\/#organization","name":"Cabinet SG Avocat","url":"https:\/\/www.garcia-avocat-paris.fr\/licenciement\/","logo":{"@type":"ImageObject","inLanguage":"fr-FR","@id":"https:\/\/www.garcia-avocat-paris.fr\/licenciement\/#\/schema\/logo\/image\/","url":"https:\/\/www.garcia-avocat-paris.fr\/licenciement\/wp-content\/uploads\/2015\/03\/Logo-du-cabinet-sg-avocat.jpg","contentUrl":"https:\/\/www.garcia-avocat-paris.fr\/licenciement\/wp-content\/uploads\/2015\/03\/Logo-du-cabinet-sg-avocat.jpg","width":75,"height":79,"caption":"Cabinet SG Avocat"},"image":{"@id":"https:\/\/www.garcia-avocat-paris.fr\/licenciement\/#\/schema\/logo\/image\/"},"sameAs":["https:\/\/www.facebook.com\/Cabinet.SG.Avocat.Paris","https:\/\/x.com\/GarciaAvocat","https:\/\/www.linkedin.com\/pub\/sarah-garcia\/69\/24\/12b"]},{"@type":"Person","@id":"https:\/\/www.garcia-avocat-paris.fr\/licenciement\/#\/schema\/person\/05adcab2a318b965f3632de28b7a2ba6","name":"Ma\u00eetre Sarah Garcia","image":{"@type":"ImageObject","inLanguage":"fr-FR","@id":"https:\/\/secure.gravatar.com\/avatar\/815b85f978acf8e14c7618bc2b17b334b53c6606a959342bcce4f5ca7ce063e8?s=96&d=mm&r=g","url":"https:\/\/secure.gravatar.com\/avatar\/815b85f978acf8e14c7618bc2b17b334b53c6606a959342bcce4f5ca7ce063e8?s=96&d=mm&r=g","contentUrl":"https:\/\/secure.gravatar.com\/avatar\/815b85f978acf8e14c7618bc2b17b334b53c6606a959342bcce4f5ca7ce063e8?s=96&d=mm&r=g","caption":"Ma\u00eetre Sarah Garcia"},"description":"Avocate au barreau de Paris, Ma\u00eetre Garcia est titulaire d\u2019un doctorat en droit priv\u00e9 ainsi qu'un DEA en droit des affaires et d'un DESS en droit des affaires et fiscalit\u00e9. Avocate en droit des soci\u00e9t\u00e9s, en droit du travail et Avocat CIL.","sameAs":["https:\/\/www.garcia-avocat-paris.fr\/licenciement"]}]}},"views":369,"_links":{"self":[{"href":"https:\/\/www.garcia-avocat-paris.fr\/licenciement\/wp-json\/wp\/v2\/posts\/25986","targetHints":{"allow":["GET"]}}],"collection":[{"href":"https:\/\/www.garcia-avocat-paris.fr\/licenciement\/wp-json\/wp\/v2\/posts"}],"about":[{"href":"https:\/\/www.garcia-avocat-paris.fr\/licenciement\/wp-json\/wp\/v2\/types\/post"}],"author":[{"embeddable":true,"href":"https:\/\/www.garcia-avocat-paris.fr\/licenciement\/wp-json\/wp\/v2\/users\/3"}],"replies":[{"embeddable":true,"href":"https:\/\/www.garcia-avocat-paris.fr\/licenciement\/wp-json\/wp\/v2\/comments?post=25986"}],"version-history":[{"count":0,"href":"https:\/\/www.garcia-avocat-paris.fr\/licenciement\/wp-json\/wp\/v2\/posts\/25986\/revisions"}],"wp:featuredmedia":[{"embeddable":true,"href":"https:\/\/www.garcia-avocat-paris.fr\/licenciement\/wp-json\/wp\/v2\/media\/25987"}],"wp:attachment":[{"href":"https:\/\/www.garcia-avocat-paris.fr\/licenciement\/wp-json\/wp\/v2\/media?parent=25986"}],"wp:term":[{"taxonomy":"category","embeddable":true,"href":"https:\/\/www.garcia-avocat-paris.fr\/licenciement\/wp-json\/wp\/v2\/categories?post=25986"},{"taxonomy":"post_tag","embeddable":true,"href":"https:\/\/www.garcia-avocat-paris.fr\/licenciement\/wp-json\/wp\/v2\/tags?post=25986"}],"curies":[{"name":"wp","href":"https:\/\/api.w.org\/{rel}","templated":true}]}}