{"id":25980,"date":"2024-11-25T14:09:39","date_gmt":"2024-11-25T13:09:39","guid":{"rendered":"https:\/\/www.garcia-avocat-paris.fr\/licenciement\/?p=25980"},"modified":"2024-11-25T15:05:35","modified_gmt":"2024-11-25T14:05:35","slug":"inaptitude-au-travail-dun-salarie-suite-maladie-accident","status":"publish","type":"post","link":"https:\/\/www.garcia-avocat-paris.fr\/licenciement\/inaptitude-au-travail-dun-salarie-suite-maladie-accident\/","title":{"rendered":"Inaptitude au travail d&#8217;un salari\u00e9 cons\u00e9cutive \u00e0 une maladie ou un accident non professionnel"},"content":{"rendered":"\n<p style=\"text-align: justify;\">L\u2019inaptitude m\u00e9dicale au travail est prononc\u00e9e par le m\u00e9decin du travail lorsque l&#8217;\u00e9tat de sant\u00e9 du salari\u00e9, qu&#8217;il soit physique ou mental, est jug\u00e9 incompatible avec son poste. Cela se produit notamment si aucune mesure d&#8217;am\u00e9nagement, d&#8217;adaptation ou de transformation du poste n&#8217;est envisageable. Les causes de cette inaptitude, qu&#8217;elle soit partielle ou totale, peuvent \u00eatre li\u00e9es \u00e0 la vie professionnelle du salari\u00e9 ou survenir ind\u00e9pendamment de son travail (comme une maladie, par exemple).<\/p>\n<p>Notre article porte sur la situation d\u2019inaptitude non professionnelle.<\/p>\n<p>Cette situation est vis\u00e9e par l\u2019article L1226-2 du code du travail dispose que\u00a0:<\/p>\n<blockquote>\n<p><em>\u00ab\u00a0Lorsque le salari\u00e9 victime d&#8217;une maladie ou d&#8217;un accident non professionnel est d\u00e9clar\u00e9 inapte par le m\u00e9decin du travail, en application de l&#8217;article\u00a0<\/em><a href=\"https:\/\/www.legifrance.gouv.fr\/affichCodeArticle.do?cidTexte=LEGITEXT000006072050&amp;idArticle=LEGIARTI000024391521&amp;dateTexte=&amp;categorieLien=cid\"><em>L. 4624-4<\/em><\/a><em>, \u00e0 reprendre l&#8217;emploi qu&#8217;il occupait pr\u00e9c\u00e9demment, l&#8217;employeur lui propose un autre emploi appropri\u00e9 \u00e0 ses capacit\u00e9s, au sein de l&#8217;entreprise ou des entreprises du groupe auquel elle appartient le cas \u00e9ch\u00e9ant, situ\u00e9es sur le territoire national et dont l&#8217;organisation, les activit\u00e9s ou le lieu d&#8217;exploitation assurent la permutation de tout ou partie du personnel.<\/em><\/p>\n<p><em>Pour l&#8217;application du pr\u00e9sent article, la notion de groupe d\u00e9signe le groupe form\u00e9 par une entreprise appel\u00e9e entreprise dominante et les entreprises qu&#8217;elle contr\u00f4le dans les conditions d\u00e9finies \u00e0 l&#8217;article\u00a0<\/em><a href=\"https:\/\/www.legifrance.gouv.fr\/affichCodeArticle.do?cidTexte=LEGITEXT000005634379&amp;idArticle=LEGIARTI000006229161&amp;dateTexte=&amp;categorieLien=cid\"><em>L. 233-1<\/em><\/a><em>, aux I et II de l&#8217;article\u00a0<\/em><a href=\"https:\/\/www.legifrance.gouv.fr\/affichCodeArticle.do?cidTexte=LEGITEXT000005634379&amp;idArticle=LEGIARTI000006229187&amp;dateTexte=&amp;categorieLien=cid\"><em>L. 233-3\u00a0<\/em><\/a><em>et \u00e0 l&#8217;article\u00a0<\/em><a href=\"https:\/\/www.legifrance.gouv.fr\/affichCodeArticle.do?cidTexte=LEGITEXT000005634379&amp;idArticle=LEGIARTI000006229272&amp;dateTexte=&amp;categorieLien=cid\"><em>L. 233-16<\/em><\/a><em>\u00a0du code de commerce.<\/em><\/p>\n<p><em>Cette proposition prend en compte, apr\u00e8s avis du comit\u00e9 social et \u00e9conomique lorsqu&#8217;il existe, les conclusions \u00e9crites du m\u00e9decin du travail et les indications qu&#8217;il formule sur les capacit\u00e9s du salari\u00e9 \u00e0 exercer l&#8217;une des t\u00e2ches existantes dans l&#8217;entreprise. Le m\u00e9decin du travail formule \u00e9galement des indications sur la capacit\u00e9 du salari\u00e9 \u00e0 b\u00e9n\u00e9ficier d&#8217;une formation le pr\u00e9parant \u00e0 occuper un poste adapt\u00e9.<\/em><\/p>\n<p><em>L&#8217;emploi propos\u00e9 est aussi comparable que possible \u00e0 l&#8217;emploi pr\u00e9c\u00e9demment occup\u00e9, au besoin par la mise en \u0153uvre de mesures telles que mutations, am\u00e9nagements, adaptations ou transformations de postes existants ou am\u00e9nagement du temps de travail.\u00a0\u00bb<\/em><\/p>\n<\/blockquote>\n<p><strong><u>\u00a0<\/u><\/strong><\/p>\n<p style=\"text-align: justify;\">L\u2019inaptitude au travail peut survenir \u00e0 la suite d\u2019un arr\u00eat maladie, en fonction des cons\u00e9quences de la maladie sur l\u2019\u00e9tat de sant\u00e9 du salari\u00e9.<\/p>\n<p style=\"text-align: justify;\">Le m\u00e9decin du travail a la responsabilit\u00e9 de d\u00e9terminer si le salari\u00e9 apte \u00e0 reprendre son emploi, que ce soit de mani\u00e8re partielle ou totale.<\/p>\n<p style=\"text-align: justify;\">Dans certains cas, il peut aussi juger s\u2019il est capable d\u2019exercer d\u2019autres fonctions au sein de l\u2019entreprise, adapt\u00e9es \u00e0 ses capacit\u00e9s. Dans ce cas, l\u2019employeur doit, sauf exceptions, proposer un reclassement.<\/p>\n<p style=\"text-align: justify;\">Il est crucial de ne pas confondre l&#8217;inaptitude, qui est prononc\u00e9e par le m\u00e9decin du travail, avec l&#8217;invalidit\u00e9, qui est \u00e9valu\u00e9e par le m\u00e9decin conseil de votre organisme de s\u00e9curit\u00e9 sociale (CPAM ou MSA).<\/p>\n<p>\u00a0<\/p>\n<h2 style=\"text-align: justify;\"><strong>1.Qui peut demander un rendez-vous avec le m\u00e9decin du travail ?<\/strong><\/h2>\n<p style=\"text-align: justify;\">Le salari\u00e9 a la possibilit\u00e9 de solliciter un examen m\u00e9dical aupr\u00e8s du m\u00e9decin du travail, m\u00eame pendant son arr\u00eat maladie.<\/p>\n<p>L\u2019employeur peut \u00e9galement initier cette d\u00e9marche.<\/p>\n<p>\u00a0<\/p>\n<h2><strong>2.Comment est reconnue l&#8217;inaptitude d&#8217;un salari\u00e9 ?<\/strong><\/h2>\n<p style=\"text-align: justify;\">L\u2019inaptitude doit \u00eatre constat\u00e9e par le m\u00e9decin du travail de l\u2019entreprise, et non par le m\u00e9decin traitant. Le m\u00e9decin du travail est charg\u00e9 d\u2019examiner l\u2019\u00e9tat de sant\u00e9 physique et\/ou mental pour d\u00e9terminer s\u2019il est en mesure de reprendre son poste, que ce soit en totalit\u00e9 ou en partie.<\/p>\n<p>Si ce n&#8217;est pas le cas, le m\u00e9decin du travail pourra d\u00e9clarer inapte le salari\u00e9.<\/p>\n<p>Avant de rendre son avis, le m\u00e9decin du travail doit suivre plusieurs \u00e9tapes :<\/p>\n<ol>\n<li><strong>Examen m\u00e9dical<\/strong> : Un premier examen et \u00e9ventuellement des tests compl\u00e9mentaires.<\/li>\n<li><strong>Analyse du poste<\/strong> : S\u2019assurer que les conditions de travail sont compatibles avec votre \u00e9tat de sant\u00e9.<\/li>\n<li><strong>\u00c9valuation des conditions de travail<\/strong> : V\u00e9rification que la fiche d\u2019entreprise a \u00e9t\u00e9 mise \u00e0 jour, indiquant les risques professionnels.<\/li>\n<li><strong>Dialogue avec l&#8217;employeur<\/strong> : \u00c9changes sur les observations de l\u2019employeur et les \u00e9ventuelles adaptations de poste.<\/li>\n<\/ol>\n<p>Le m\u00e9decin peut demander un second examen, au plus tard 15 jours apr\u00e8s le premier.<\/p>\n<p style=\"text-align: justify;\">\u00c0 l\u2019issue de cette proc\u00e9dure, s\u2019il constate qu\u2019aucune adaptation du poste n\u2019est possible et que l\u2019\u00e9tat de sant\u00e9 n\u00e9cessite un changement, le m\u00e9decin du travail pourra d\u00e9clarer inapte le salari\u00e9.<\/p>\n<p>\u00a0<\/p>\n<h2><strong>3.Quelles sont les incidences d\u2019un avis d&#8217;inaptitude sur la situation du salari\u00e9 ?<\/strong><\/h2>\n<p style=\"text-align: justify;\">Lorsque le m\u00e9decin du travail d\u00e9clare inapte le salari\u00e9, l\u2019inaptitude est constat\u00e9e dans un avis d\u2019inaptitude. Le m\u00e9decin du travail doit dans ce cas r\u00e9diger un avis d\u2019inaptitude et en transmettre une copie au salari\u00e9.<\/p>\n<p>Cet avis contient des conclusions \u00e9crites ainsi que des indications concernant <a href=\"https:\/\/www.garcia-avocat-paris.fr\/licenciement\/obligation-de-reclassement\/\" target=\"_blank\" rel=\"noopener\">le reclassement<\/a>.<\/p>\n<p>Il peut indiquer :<\/p>\n<ul>\n<li>Que rester dans l\u2019emploi serait gravement pr\u00e9judiciable pour la sant\u00e9 du salari\u00e9.<\/li>\n<li>Que l\u2019\u00e9tat de sant\u00e9 du salari\u00e9 ne permet pas de reclassement.<\/li>\n<\/ul>\n<p style=\"text-align: justify;\">L&#8217;employeur est tenu de respecter cet avis et les recommandations du m\u00e9decin. S\u2019il refuse, il doit en informer le salari\u00e9 par \u00e9crit, en expliquant les raisons de son opposition, et en informer \u00e9galement le m\u00e9decin du travail.<\/p>\n<p>\u00a0<\/p>\n<h2><strong>4.Quels sont les recours de l\u2019avis du m\u00e9decin du travail ?<\/strong><\/h2>\n<p style=\"text-align: justify;\">L\u2019employeur ou le salari\u00e9 employeur ont la possibilit\u00e9 de contester la d\u00e9cision du m\u00e9decin du travail devant le conseil de prud\u2019hommes dans un d\u00e9lai de 15 jours suivant la notification de l&#8217;avis d&#8217;inaptitude. Le conseil de prud&#8217;hommes peut \u00e9galement consulter un m\u00e9decin-inspecteur du travail pour \u00e9clairer sa d\u00e9cision.<\/p>\n","protected":false},"excerpt":{"rendered":"<p>L\u2019inaptitude m\u00e9dicale au travail est prononc\u00e9e par le m\u00e9decin du travail lorsque l&#8217;\u00e9tat de sant\u00e9 du salari\u00e9, qu&#8217;il soit physique ou mental, est jug\u00e9 incompatible avec son poste. Cela se produit notamment si aucune mesure d&#8217;am\u00e9nagement, d&#8217;adaptation ou de transformation du poste n&#8217;est envisageable. Les causes de cette inaptitude, qu&#8217;elle soit partielle ou totale, peuvent [&hellip;]<\/p>\n","protected":false},"author":3,"featured_media":1676,"comment_status":"closed","ping_status":"closed","sticky":false,"template":"","format":"standard","meta":{"inline_featured_image":false,"footnotes":""},"categories":[3],"tags":[214,213,215],"class_list":["post-25980","post","type-post","status-publish","format-standard","has-post-thumbnail","hentry","category-droit-du-travail","tag-accident-non-professionnel","tag-inaptitude","tag-inaptitude-au-travail"],"yoast_head":"<!-- This site is optimized with the Yoast SEO plugin v27.4 - https:\/\/yoast.com\/product\/yoast-seo-wordpress\/ -->\n<title>inaptitude au travail dun salari\u00e9 suite \u00e0 une maladie \/ accident<\/title>\n<meta name=\"description\" content=\"L\u2019inaptitude m\u00e9dicale au travail est prononc\u00e9e par le m\u00e9decin du travail lorsque l&#039;\u00e9tat de sant\u00e9 du salari\u00e9 est jug\u00e9 incompatible avec son poste\" \/>\n<meta name=\"robots\" content=\"index, follow, max-snippet:-1, max-image-preview:large, max-video-preview:-1\" \/>\n<link rel=\"canonical\" href=\"https:\/\/www.garcia-avocat-paris.fr\/licenciement\/inaptitude-au-travail-dun-salarie-suite-maladie-accident\/\" \/>\n<meta property=\"og:locale\" content=\"fr_FR\" \/>\n<meta property=\"og:type\" content=\"article\" \/>\n<meta property=\"og:title\" content=\"inaptitude au travail dun salari\u00e9 suite \u00e0 une maladie \/ accident\" \/>\n<meta property=\"og:description\" content=\"L\u2019inaptitude m\u00e9dicale au travail est prononc\u00e9e par le m\u00e9decin du travail lorsque l&#039;\u00e9tat de sant\u00e9 du salari\u00e9 est jug\u00e9 incompatible avec son poste\" \/>\n<meta property=\"og:url\" content=\"https:\/\/www.garcia-avocat-paris.fr\/licenciement\/inaptitude-au-travail-dun-salarie-suite-maladie-accident\/\" \/>\n<meta property=\"og:site_name\" content=\"Avocat Licenciement - Avocat Droit du Travail | Sarah GARCIA\" \/>\n<meta property=\"article:publisher\" content=\"https:\/\/www.facebook.com\/Cabinet.SG.Avocat.Paris\" \/>\n<meta property=\"article:published_time\" content=\"2024-11-25T13:09:39+00:00\" \/>\n<meta property=\"article:modified_time\" content=\"2024-11-25T14:05:35+00:00\" \/>\n<meta property=\"og:image\" content=\"https:\/\/www.garcia-avocat-paris.fr\/licenciement\/wp-content\/uploads\/2016\/11\/18288939_s.jpg\" \/>\n\t<meta property=\"og:image:width\" content=\"450\" \/>\n\t<meta property=\"og:image:height\" content=\"300\" \/>\n\t<meta property=\"og:image:type\" content=\"image\/jpeg\" \/>\n<meta name=\"author\" content=\"Ma\u00eetre Sarah Garcia\" \/>\n<meta name=\"twitter:card\" content=\"summary_large_image\" \/>\n<meta name=\"twitter:creator\" content=\"@GarciaAvocat\" \/>\n<meta name=\"twitter:site\" content=\"@GarciaAvocat\" \/>\n<meta name=\"twitter:label1\" content=\"\u00c9crit par\" \/>\n\t<meta name=\"twitter:data1\" content=\"Ma\u00eetre Sarah Garcia\" \/>\n\t<meta name=\"twitter:label2\" content=\"Dur\u00e9e de lecture estim\u00e9e\" \/>\n\t<meta name=\"twitter:data2\" content=\"4 minutes\" \/>\n<script type=\"application\/ld+json\" class=\"yoast-schema-graph\">{\"@context\":\"https:\\\/\\\/schema.org\",\"@graph\":[{\"@type\":\"Article\",\"@id\":\"https:\\\/\\\/www.garcia-avocat-paris.fr\\\/licenciement\\\/inaptitude-au-travail-dun-salarie-suite-maladie-accident\\\/#article\",\"isPartOf\":{\"@id\":\"https:\\\/\\\/www.garcia-avocat-paris.fr\\\/licenciement\\\/inaptitude-au-travail-dun-salarie-suite-maladie-accident\\\/\"},\"author\":{\"name\":\"Ma\u00eetre Sarah Garcia\",\"@id\":\"https:\\\/\\\/www.garcia-avocat-paris.fr\\\/licenciement\\\/#\\\/schema\\\/person\\\/05adcab2a318b965f3632de28b7a2ba6\"},\"headline\":\"Inaptitude au travail d&#8217;un salari\u00e9 cons\u00e9cutive \u00e0 une maladie ou un accident non professionnel\",\"datePublished\":\"2024-11-25T13:09:39+00:00\",\"dateModified\":\"2024-11-25T14:05:35+00:00\",\"mainEntityOfPage\":{\"@id\":\"https:\\\/\\\/www.garcia-avocat-paris.fr\\\/licenciement\\\/inaptitude-au-travail-dun-salarie-suite-maladie-accident\\\/\"},\"wordCount\":997,\"publisher\":{\"@id\":\"https:\\\/\\\/www.garcia-avocat-paris.fr\\\/licenciement\\\/#organization\"},\"image\":{\"@id\":\"https:\\\/\\\/www.garcia-avocat-paris.fr\\\/licenciement\\\/inaptitude-au-travail-dun-salarie-suite-maladie-accident\\\/#primaryimage\"},\"thumbnailUrl\":\"https:\\\/\\\/www.garcia-avocat-paris.fr\\\/licenciement\\\/wp-content\\\/uploads\\\/2016\\\/11\\\/18288939_s.jpg\",\"keywords\":[\"accident non professionnel\",\"Inaptitude\",\"Inaptitude au travail\"],\"articleSection\":[\"droit du travail\"],\"inLanguage\":\"fr-FR\"},{\"@type\":\"WebPage\",\"@id\":\"https:\\\/\\\/www.garcia-avocat-paris.fr\\\/licenciement\\\/inaptitude-au-travail-dun-salarie-suite-maladie-accident\\\/\",\"url\":\"https:\\\/\\\/www.garcia-avocat-paris.fr\\\/licenciement\\\/inaptitude-au-travail-dun-salarie-suite-maladie-accident\\\/\",\"name\":\"inaptitude au travail dun salari\u00e9 suite \u00e0 une maladie \\\/ accident\",\"isPartOf\":{\"@id\":\"https:\\\/\\\/www.garcia-avocat-paris.fr\\\/licenciement\\\/#website\"},\"primaryImageOfPage\":{\"@id\":\"https:\\\/\\\/www.garcia-avocat-paris.fr\\\/licenciement\\\/inaptitude-au-travail-dun-salarie-suite-maladie-accident\\\/#primaryimage\"},\"image\":{\"@id\":\"https:\\\/\\\/www.garcia-avocat-paris.fr\\\/licenciement\\\/inaptitude-au-travail-dun-salarie-suite-maladie-accident\\\/#primaryimage\"},\"thumbnailUrl\":\"https:\\\/\\\/www.garcia-avocat-paris.fr\\\/licenciement\\\/wp-content\\\/uploads\\\/2016\\\/11\\\/18288939_s.jpg\",\"datePublished\":\"2024-11-25T13:09:39+00:00\",\"dateModified\":\"2024-11-25T14:05:35+00:00\",\"description\":\"L\u2019inaptitude m\u00e9dicale au travail est prononc\u00e9e par le m\u00e9decin du travail lorsque l'\u00e9tat de sant\u00e9 du salari\u00e9 est jug\u00e9 incompatible avec son poste\",\"breadcrumb\":{\"@id\":\"https:\\\/\\\/www.garcia-avocat-paris.fr\\\/licenciement\\\/inaptitude-au-travail-dun-salarie-suite-maladie-accident\\\/#breadcrumb\"},\"inLanguage\":\"fr-FR\",\"potentialAction\":[{\"@type\":\"ReadAction\",\"target\":[\"https:\\\/\\\/www.garcia-avocat-paris.fr\\\/licenciement\\\/inaptitude-au-travail-dun-salarie-suite-maladie-accident\\\/\"]}]},{\"@type\":\"ImageObject\",\"inLanguage\":\"fr-FR\",\"@id\":\"https:\\\/\\\/www.garcia-avocat-paris.fr\\\/licenciement\\\/inaptitude-au-travail-dun-salarie-suite-maladie-accident\\\/#primaryimage\",\"url\":\"https:\\\/\\\/www.garcia-avocat-paris.fr\\\/licenciement\\\/wp-content\\\/uploads\\\/2016\\\/11\\\/18288939_s.jpg\",\"contentUrl\":\"https:\\\/\\\/www.garcia-avocat-paris.fr\\\/licenciement\\\/wp-content\\\/uploads\\\/2016\\\/11\\\/18288939_s.jpg\",\"width\":450,\"height\":300,\"caption\":\"inaptitude m\u00e9dicale du salari\u00e9 en entreprise\"},{\"@type\":\"BreadcrumbList\",\"@id\":\"https:\\\/\\\/www.garcia-avocat-paris.fr\\\/licenciement\\\/inaptitude-au-travail-dun-salarie-suite-maladie-accident\\\/#breadcrumb\",\"itemListElement\":[{\"@type\":\"ListItem\",\"position\":1,\"name\":\"Accueil\",\"item\":\"https:\\\/\\\/www.garcia-avocat-paris.fr\\\/licenciement\\\/\"},{\"@type\":\"ListItem\",\"position\":2,\"name\":\"accident non professionnel\",\"item\":\"https:\\\/\\\/www.garcia-avocat-paris.fr\\\/licenciement\\\/tag\\\/accident-non-professionnel\\\/\"},{\"@type\":\"ListItem\",\"position\":3,\"name\":\"Inaptitude au travail d&rsquo;un salari\u00e9 cons\u00e9cutive \u00e0 une maladie ou un accident non professionnel\"}]},{\"@type\":\"WebSite\",\"@id\":\"https:\\\/\\\/www.garcia-avocat-paris.fr\\\/licenciement\\\/#website\",\"url\":\"https:\\\/\\\/www.garcia-avocat-paris.fr\\\/licenciement\\\/\",\"name\":\"Avocat Licenciement - Avocat Droit du Travail | Sarah GARCIA\",\"description\":\"Avocat du Travail Paris - Le Blog\",\"publisher\":{\"@id\":\"https:\\\/\\\/www.garcia-avocat-paris.fr\\\/licenciement\\\/#organization\"},\"potentialAction\":[{\"@type\":\"SearchAction\",\"target\":{\"@type\":\"EntryPoint\",\"urlTemplate\":\"https:\\\/\\\/www.garcia-avocat-paris.fr\\\/licenciement\\\/?s={search_term_string}\"},\"query-input\":{\"@type\":\"PropertyValueSpecification\",\"valueRequired\":true,\"valueName\":\"search_term_string\"}}],\"inLanguage\":\"fr-FR\"},{\"@type\":\"Organization\",\"@id\":\"https:\\\/\\\/www.garcia-avocat-paris.fr\\\/licenciement\\\/#organization\",\"name\":\"Cabinet SG Avocat\",\"url\":\"https:\\\/\\\/www.garcia-avocat-paris.fr\\\/licenciement\\\/\",\"logo\":{\"@type\":\"ImageObject\",\"inLanguage\":\"fr-FR\",\"@id\":\"https:\\\/\\\/www.garcia-avocat-paris.fr\\\/licenciement\\\/#\\\/schema\\\/logo\\\/image\\\/\",\"url\":\"https:\\\/\\\/www.garcia-avocat-paris.fr\\\/licenciement\\\/wp-content\\\/uploads\\\/2015\\\/03\\\/Logo-du-cabinet-sg-avocat.jpg\",\"contentUrl\":\"https:\\\/\\\/www.garcia-avocat-paris.fr\\\/licenciement\\\/wp-content\\\/uploads\\\/2015\\\/03\\\/Logo-du-cabinet-sg-avocat.jpg\",\"width\":75,\"height\":79,\"caption\":\"Cabinet SG Avocat\"},\"image\":{\"@id\":\"https:\\\/\\\/www.garcia-avocat-paris.fr\\\/licenciement\\\/#\\\/schema\\\/logo\\\/image\\\/\"},\"sameAs\":[\"https:\\\/\\\/www.facebook.com\\\/Cabinet.SG.Avocat.Paris\",\"https:\\\/\\\/x.com\\\/GarciaAvocat\",\"https:\\\/\\\/www.linkedin.com\\\/pub\\\/sarah-garcia\\\/69\\\/24\\\/12b\"]},{\"@type\":\"Person\",\"@id\":\"https:\\\/\\\/www.garcia-avocat-paris.fr\\\/licenciement\\\/#\\\/schema\\\/person\\\/05adcab2a318b965f3632de28b7a2ba6\",\"name\":\"Ma\u00eetre Sarah Garcia\",\"image\":{\"@type\":\"ImageObject\",\"inLanguage\":\"fr-FR\",\"@id\":\"https:\\\/\\\/secure.gravatar.com\\\/avatar\\\/815b85f978acf8e14c7618bc2b17b334b53c6606a959342bcce4f5ca7ce063e8?s=96&d=mm&r=g\",\"url\":\"https:\\\/\\\/secure.gravatar.com\\\/avatar\\\/815b85f978acf8e14c7618bc2b17b334b53c6606a959342bcce4f5ca7ce063e8?s=96&d=mm&r=g\",\"contentUrl\":\"https:\\\/\\\/secure.gravatar.com\\\/avatar\\\/815b85f978acf8e14c7618bc2b17b334b53c6606a959342bcce4f5ca7ce063e8?s=96&d=mm&r=g\",\"caption\":\"Ma\u00eetre Sarah Garcia\"},\"description\":\"Avocate au barreau de Paris, Ma\u00eetre Garcia est titulaire d\u2019un doctorat en droit priv\u00e9 ainsi qu'un DEA en droit des affaires et d'un DESS en droit des affaires et fiscalit\u00e9. Avocate en droit des soci\u00e9t\u00e9s, en droit du travail et Avocat CIL.\",\"sameAs\":[\"https:\\\/\\\/www.garcia-avocat-paris.fr\\\/licenciement\"]}]}<\/script>\n<!-- \/ Yoast SEO plugin. -->","yoast_head_json":{"title":"inaptitude au travail dun salari\u00e9 suite \u00e0 une maladie \/ accident","description":"L\u2019inaptitude m\u00e9dicale au travail est prononc\u00e9e par le m\u00e9decin du travail lorsque l'\u00e9tat de sant\u00e9 du salari\u00e9 est jug\u00e9 incompatible avec son poste","robots":{"index":"index","follow":"follow","max-snippet":"max-snippet:-1","max-image-preview":"max-image-preview:large","max-video-preview":"max-video-preview:-1"},"canonical":"https:\/\/www.garcia-avocat-paris.fr\/licenciement\/inaptitude-au-travail-dun-salarie-suite-maladie-accident\/","og_locale":"fr_FR","og_type":"article","og_title":"inaptitude au travail dun salari\u00e9 suite \u00e0 une maladie \/ accident","og_description":"L\u2019inaptitude m\u00e9dicale au travail est prononc\u00e9e par le m\u00e9decin du travail lorsque l'\u00e9tat de sant\u00e9 du salari\u00e9 est jug\u00e9 incompatible avec son poste","og_url":"https:\/\/www.garcia-avocat-paris.fr\/licenciement\/inaptitude-au-travail-dun-salarie-suite-maladie-accident\/","og_site_name":"Avocat Licenciement - Avocat Droit du Travail | Sarah GARCIA","article_publisher":"https:\/\/www.facebook.com\/Cabinet.SG.Avocat.Paris","article_published_time":"2024-11-25T13:09:39+00:00","article_modified_time":"2024-11-25T14:05:35+00:00","og_image":[{"width":450,"height":300,"url":"https:\/\/www.garcia-avocat-paris.fr\/licenciement\/wp-content\/uploads\/2016\/11\/18288939_s.jpg","type":"image\/jpeg"}],"author":"Ma\u00eetre Sarah Garcia","twitter_card":"summary_large_image","twitter_creator":"@GarciaAvocat","twitter_site":"@GarciaAvocat","twitter_misc":{"\u00c9crit par":"Ma\u00eetre Sarah Garcia","Dur\u00e9e de lecture estim\u00e9e":"4 minutes"},"schema":{"@context":"https:\/\/schema.org","@graph":[{"@type":"Article","@id":"https:\/\/www.garcia-avocat-paris.fr\/licenciement\/inaptitude-au-travail-dun-salarie-suite-maladie-accident\/#article","isPartOf":{"@id":"https:\/\/www.garcia-avocat-paris.fr\/licenciement\/inaptitude-au-travail-dun-salarie-suite-maladie-accident\/"},"author":{"name":"Ma\u00eetre Sarah Garcia","@id":"https:\/\/www.garcia-avocat-paris.fr\/licenciement\/#\/schema\/person\/05adcab2a318b965f3632de28b7a2ba6"},"headline":"Inaptitude au travail d&#8217;un salari\u00e9 cons\u00e9cutive \u00e0 une maladie ou un accident non professionnel","datePublished":"2024-11-25T13:09:39+00:00","dateModified":"2024-11-25T14:05:35+00:00","mainEntityOfPage":{"@id":"https:\/\/www.garcia-avocat-paris.fr\/licenciement\/inaptitude-au-travail-dun-salarie-suite-maladie-accident\/"},"wordCount":997,"publisher":{"@id":"https:\/\/www.garcia-avocat-paris.fr\/licenciement\/#organization"},"image":{"@id":"https:\/\/www.garcia-avocat-paris.fr\/licenciement\/inaptitude-au-travail-dun-salarie-suite-maladie-accident\/#primaryimage"},"thumbnailUrl":"https:\/\/www.garcia-avocat-paris.fr\/licenciement\/wp-content\/uploads\/2016\/11\/18288939_s.jpg","keywords":["accident non professionnel","Inaptitude","Inaptitude au travail"],"articleSection":["droit du travail"],"inLanguage":"fr-FR"},{"@type":"WebPage","@id":"https:\/\/www.garcia-avocat-paris.fr\/licenciement\/inaptitude-au-travail-dun-salarie-suite-maladie-accident\/","url":"https:\/\/www.garcia-avocat-paris.fr\/licenciement\/inaptitude-au-travail-dun-salarie-suite-maladie-accident\/","name":"inaptitude au travail dun salari\u00e9 suite \u00e0 une maladie \/ accident","isPartOf":{"@id":"https:\/\/www.garcia-avocat-paris.fr\/licenciement\/#website"},"primaryImageOfPage":{"@id":"https:\/\/www.garcia-avocat-paris.fr\/licenciement\/inaptitude-au-travail-dun-salarie-suite-maladie-accident\/#primaryimage"},"image":{"@id":"https:\/\/www.garcia-avocat-paris.fr\/licenciement\/inaptitude-au-travail-dun-salarie-suite-maladie-accident\/#primaryimage"},"thumbnailUrl":"https:\/\/www.garcia-avocat-paris.fr\/licenciement\/wp-content\/uploads\/2016\/11\/18288939_s.jpg","datePublished":"2024-11-25T13:09:39+00:00","dateModified":"2024-11-25T14:05:35+00:00","description":"L\u2019inaptitude m\u00e9dicale au travail est prononc\u00e9e par le m\u00e9decin du travail lorsque l'\u00e9tat de sant\u00e9 du salari\u00e9 est jug\u00e9 incompatible avec son poste","breadcrumb":{"@id":"https:\/\/www.garcia-avocat-paris.fr\/licenciement\/inaptitude-au-travail-dun-salarie-suite-maladie-accident\/#breadcrumb"},"inLanguage":"fr-FR","potentialAction":[{"@type":"ReadAction","target":["https:\/\/www.garcia-avocat-paris.fr\/licenciement\/inaptitude-au-travail-dun-salarie-suite-maladie-accident\/"]}]},{"@type":"ImageObject","inLanguage":"fr-FR","@id":"https:\/\/www.garcia-avocat-paris.fr\/licenciement\/inaptitude-au-travail-dun-salarie-suite-maladie-accident\/#primaryimage","url":"https:\/\/www.garcia-avocat-paris.fr\/licenciement\/wp-content\/uploads\/2016\/11\/18288939_s.jpg","contentUrl":"https:\/\/www.garcia-avocat-paris.fr\/licenciement\/wp-content\/uploads\/2016\/11\/18288939_s.jpg","width":450,"height":300,"caption":"inaptitude m\u00e9dicale du salari\u00e9 en entreprise"},{"@type":"BreadcrumbList","@id":"https:\/\/www.garcia-avocat-paris.fr\/licenciement\/inaptitude-au-travail-dun-salarie-suite-maladie-accident\/#breadcrumb","itemListElement":[{"@type":"ListItem","position":1,"name":"Accueil","item":"https:\/\/www.garcia-avocat-paris.fr\/licenciement\/"},{"@type":"ListItem","position":2,"name":"accident non professionnel","item":"https:\/\/www.garcia-avocat-paris.fr\/licenciement\/tag\/accident-non-professionnel\/"},{"@type":"ListItem","position":3,"name":"Inaptitude au travail d&rsquo;un salari\u00e9 cons\u00e9cutive \u00e0 une maladie ou un accident non professionnel"}]},{"@type":"WebSite","@id":"https:\/\/www.garcia-avocat-paris.fr\/licenciement\/#website","url":"https:\/\/www.garcia-avocat-paris.fr\/licenciement\/","name":"Avocat Licenciement - Avocat Droit du Travail | Sarah GARCIA","description":"Avocat du Travail Paris - Le Blog","publisher":{"@id":"https:\/\/www.garcia-avocat-paris.fr\/licenciement\/#organization"},"potentialAction":[{"@type":"SearchAction","target":{"@type":"EntryPoint","urlTemplate":"https:\/\/www.garcia-avocat-paris.fr\/licenciement\/?s={search_term_string}"},"query-input":{"@type":"PropertyValueSpecification","valueRequired":true,"valueName":"search_term_string"}}],"inLanguage":"fr-FR"},{"@type":"Organization","@id":"https:\/\/www.garcia-avocat-paris.fr\/licenciement\/#organization","name":"Cabinet SG Avocat","url":"https:\/\/www.garcia-avocat-paris.fr\/licenciement\/","logo":{"@type":"ImageObject","inLanguage":"fr-FR","@id":"https:\/\/www.garcia-avocat-paris.fr\/licenciement\/#\/schema\/logo\/image\/","url":"https:\/\/www.garcia-avocat-paris.fr\/licenciement\/wp-content\/uploads\/2015\/03\/Logo-du-cabinet-sg-avocat.jpg","contentUrl":"https:\/\/www.garcia-avocat-paris.fr\/licenciement\/wp-content\/uploads\/2015\/03\/Logo-du-cabinet-sg-avocat.jpg","width":75,"height":79,"caption":"Cabinet SG Avocat"},"image":{"@id":"https:\/\/www.garcia-avocat-paris.fr\/licenciement\/#\/schema\/logo\/image\/"},"sameAs":["https:\/\/www.facebook.com\/Cabinet.SG.Avocat.Paris","https:\/\/x.com\/GarciaAvocat","https:\/\/www.linkedin.com\/pub\/sarah-garcia\/69\/24\/12b"]},{"@type":"Person","@id":"https:\/\/www.garcia-avocat-paris.fr\/licenciement\/#\/schema\/person\/05adcab2a318b965f3632de28b7a2ba6","name":"Ma\u00eetre Sarah Garcia","image":{"@type":"ImageObject","inLanguage":"fr-FR","@id":"https:\/\/secure.gravatar.com\/avatar\/815b85f978acf8e14c7618bc2b17b334b53c6606a959342bcce4f5ca7ce063e8?s=96&d=mm&r=g","url":"https:\/\/secure.gravatar.com\/avatar\/815b85f978acf8e14c7618bc2b17b334b53c6606a959342bcce4f5ca7ce063e8?s=96&d=mm&r=g","contentUrl":"https:\/\/secure.gravatar.com\/avatar\/815b85f978acf8e14c7618bc2b17b334b53c6606a959342bcce4f5ca7ce063e8?s=96&d=mm&r=g","caption":"Ma\u00eetre Sarah Garcia"},"description":"Avocate au barreau de Paris, Ma\u00eetre Garcia est titulaire d\u2019un doctorat en droit priv\u00e9 ainsi qu'un DEA en droit des affaires et d'un DESS en droit des affaires et fiscalit\u00e9. Avocate en droit des soci\u00e9t\u00e9s, en droit du travail et Avocat CIL.","sameAs":["https:\/\/www.garcia-avocat-paris.fr\/licenciement"]}]}},"views":79,"_links":{"self":[{"href":"https:\/\/www.garcia-avocat-paris.fr\/licenciement\/wp-json\/wp\/v2\/posts\/25980","targetHints":{"allow":["GET"]}}],"collection":[{"href":"https:\/\/www.garcia-avocat-paris.fr\/licenciement\/wp-json\/wp\/v2\/posts"}],"about":[{"href":"https:\/\/www.garcia-avocat-paris.fr\/licenciement\/wp-json\/wp\/v2\/types\/post"}],"author":[{"embeddable":true,"href":"https:\/\/www.garcia-avocat-paris.fr\/licenciement\/wp-json\/wp\/v2\/users\/3"}],"replies":[{"embeddable":true,"href":"https:\/\/www.garcia-avocat-paris.fr\/licenciement\/wp-json\/wp\/v2\/comments?post=25980"}],"version-history":[{"count":0,"href":"https:\/\/www.garcia-avocat-paris.fr\/licenciement\/wp-json\/wp\/v2\/posts\/25980\/revisions"}],"wp:featuredmedia":[{"embeddable":true,"href":"https:\/\/www.garcia-avocat-paris.fr\/licenciement\/wp-json\/wp\/v2\/media\/1676"}],"wp:attachment":[{"href":"https:\/\/www.garcia-avocat-paris.fr\/licenciement\/wp-json\/wp\/v2\/media?parent=25980"}],"wp:term":[{"taxonomy":"category","embeddable":true,"href":"https:\/\/www.garcia-avocat-paris.fr\/licenciement\/wp-json\/wp\/v2\/categories?post=25980"},{"taxonomy":"post_tag","embeddable":true,"href":"https:\/\/www.garcia-avocat-paris.fr\/licenciement\/wp-json\/wp\/v2\/tags?post=25980"}],"curies":[{"name":"wp","href":"https:\/\/api.w.org\/{rel}","templated":true}]}}