{"id":25923,"date":"2020-05-07T12:11:37","date_gmt":"2020-05-07T11:11:37","guid":{"rendered":"https:\/\/www.garcia-avocat-paris.fr\/licenciement\/?p=25923"},"modified":"2024-05-13T12:12:02","modified_gmt":"2024-05-13T11:12:02","slug":"le-covid-permet-il-de-rompre-une-promesse-de-contrat-de-travail","status":"publish","type":"post","link":"https:\/\/www.garcia-avocat-paris.fr\/licenciement\/le-covid-permet-il-de-rompre-une-promesse-de-contrat-de-travail\/","title":{"rendered":"Le coronavirus permet-il de rompre une promesse de contrat de travail ?"},"content":{"rendered":"\n\n\n<p style=\"text-align: justify;\">La crise sanitaire li\u00e9e au COVID 19 nous am\u00e8ne \u00e0 nous poser la question des promesses d\u2019embauche qui avaient \u00e9t\u00e9 n\u00e9goci\u00e9es avant que des mesures de confinement ne soient d\u00e9cid\u00e9es.<\/p>\n<p style=\"text-align: justify;\">Le coronavirus permet-il de rompre une promesse de contrat de travail\u00a0?<\/p>\n<p style=\"text-align: justify;\">Avant de r\u00e9pondre \u00e0 cette question, il convient de revenir sur le r\u00e9gime de la promesse de contrat avant la crise li\u00e9e au Covid 19.<\/p>\n<h2>Le sort de la promesse de contrat en p\u00e9riode \u00ab normale \u00bb<\/h2>\n<p style=\"text-align: justify;\">La d\u00e9finition de la promesse de contrat de travail a \u00e9t\u00e9 modifi\u00e9e par les dispositions issues de l&#8217;ordonnance 2016-131 du 10 f\u00e9vrier 2016, et par la Cour de cassation dans un arr\u00eat de la chambre sociale en 2017 (Cass. soc., 21\u00a0sept. 2017, n\u00b0 16-20.103\u00a0; Cass. soc., 21\u00a0sept. 2017, n\u00b0 16-20.104).<\/p>\n<p style=\"text-align: justify;\">Il y a ainsi lieu de distinguer, d&#8217;une part, l&#8217;offre et la promesse de contrat de travail et, d&#8217;autre part, la simple entr\u00e9e en pourparlers, c\u2019est-\u00e0-dire en n\u00e9gociation.<img decoding=\"async\" class=\"alignright size-thumbnail wp-image-30\" src=\"https:\/\/www.garcia-avocat-paris.fr\/licenciement\/wp-content\/uploads\/2014\/09\/03-150x150.jpg\" alt=\"promesse de contrat de travail\" width=\"150\" height=\"150\" srcset=\"https:\/\/www.garcia-avocat-paris.fr\/licenciement\/wp-content\/uploads\/2014\/09\/03-150x150.jpg 150w, https:\/\/www.garcia-avocat-paris.fr\/licenciement\/wp-content\/uploads\/2014\/09\/03-267x267.jpg 267w, https:\/\/www.garcia-avocat-paris.fr\/licenciement\/wp-content\/uploads\/2014\/09\/03-100x100.jpg 100w\" sizes=\"(max-width: 150px) 100vw, 150px\" \/><\/p>\n<p style=\"text-align: justify;\">La promesse de contrat de travail est d\u00e9finie comme le contrat par lequel, l&#8217;employeur accorde au candidat, le droit d&#8217;opter pour la conclusion d&#8217;un contrat de travail.<\/p>\n<p style=\"text-align: justify;\">Cette promesse pr\u00e9cise l&#8217;emploi, la r\u00e9mun\u00e9ration et la date d&#8217;entr\u00e9e en fonction, et pour la conclusion duquel ne manque que le consentement du candidat. L&#8217;envoi de la promesse engage l&#8217;employeur car le contrat a \u00e9t\u00e9 form\u00e9 d\u00e8s celle-ci.<\/p>\n<p style=\"text-align: justify;\">Par cons\u00e9quent, une r\u00e9tractation ult\u00e9rieure sera consid\u00e9r\u00e9e comme abusive ( Cass. soc., 21\u00a0sept. 2017, n\u00b0 16-20.103\u00a0; Cass. soc., 21\u00a0sept. 2017, n\u00b0 16-20.104)<\/p>\n<p style=\"text-align: justify;\">La jurisprudence consid\u00e8re la promesse d&#8217;embauche comme une offre ferme et d\u00e9finitive, adress\u00e9e \u00e0 une personne d\u00e9sign\u00e9e mentionnant la nature de l&#8217;emploi propos\u00e9, la r\u00e9mun\u00e9ration, la dur\u00e9e du travail et la date d&#8217;entr\u00e9e en fonction.<\/p>\n<p style=\"text-align: justify;\">Ainsi, une promesse qui ne mentionne ni l&#8217;emploi, ni la r\u00e9mun\u00e9ration, ni la date d&#8217;embauche constitue une simple offre d&#8217;emploi qui n&#8217;engage pas l&#8217;employeur de fa\u00e7on ferme (Cass. soc., 12\u00a0juill. 2006, n\u00b0 04-47.938).<\/p>\n<p style=\"text-align: justify;\">C\u2019est le cas \u00e9galement si elle ne pr\u00e9cise ni la r\u00e9mun\u00e9ration ni la date d&#8217;embauche. Le candidat ne peut pr\u00e9tendre \u00e0 une indemnisation si l&#8217;employeur ne la respecte pas (Cass. soc., 28\u00a0nov. 2018, n\u00b0 17-20.782).<\/p>\n<p style=\"text-align: justify;\">Par ailleurs, la Cour de cassation a consid\u00e9r\u00e9 qu&#8217;une proposition d&#8217;embauche adress\u00e9e \u00e0 un candidat par une soci\u00e9t\u00e9 ne vaut pas contrat de travail d\u00e8s lors que les pourparlers sur la r\u00e9mun\u00e9ration (en l&#8217;esp\u00e8ce sur la partie variable de la r\u00e9mun\u00e9ration) s&#8217;\u00e9taient poursuivis (<a href=\"https:\/\/www.legifrance.gouv.fr\/affichJuriJudi.do?idTexte=JURITEXT000037474139\" target=\"_blank\" rel=\"noopener noreferrer\">Cass. soc., 26\u00a0sept. 2018, n\u00b0 17-18.560<\/a>).<\/p>\n<p style=\"text-align: justify;\">Depuis les arr\u00eats du 21\u00a0septembre 2017, la distinction op\u00e9r\u00e9e par la jurisprudence entre offre de contrat et promesse d&#8217;embauche est difficile \u00e0 appr\u00e9hender. Les deux notions restent tr\u00e8s proches puisque dans les deux cas elles devront indiquer le poste propos\u00e9, la date d&#8217;entr\u00e9e en fonction et la r\u00e9mun\u00e9ration.<\/p>\n<p style=\"text-align: justify;\">Mais en cas de litige, le juge s&#8217;attachera \u00e0 rechercher l&#8217;intention r\u00e9elle de l&#8217;employeur.<\/p>\n<p style=\"text-align: justify;\">Si l&#8217;acte exprime la volont\u00e9 de l\u2019employeur d&#8217;\u00eatre li\u00e9 par un contrat de travail et si le candidat l&#8217;accepte, le contrat est form\u00e9 d\u00e8s son acceptation mais pas avant. Dans ce cas, l&#8217;offre peut \u00eatre r\u00e9tract\u00e9e.<\/p>\n<p style=\"text-align: justify;\">A l&#8217;inverse, si par la promesse, il accorde au candidat le droit d&#8217;opter pour la conclusion d&#8217;un contrat de travail, ce contrat est consid\u00e9r\u00e9 comme form\u00e9 d\u00e8s que la promesse est \u00e9mise, ce qui interdit \u00e0 l&#8217;employeur de se r\u00e9tracter.<\/p>\n<h2>Le sort de l\u2019offre ou de la promesse n\u00e9goci\u00e9e avant le confinement<\/h2>\n<p>Il convient de distinguer plusieurs situations et d&#8217;analyser la mani\u00e8re dont l&#8217;engagement a \u00e9t\u00e9 r\u00e9dig\u00e9.<\/p>\n<h3>J\u2019\u00e9tais en n\u00e9gociation avec un employeur pour un recrutement et aucune offre \u00e9crite ne m\u2019a \u00e9t\u00e9 transmise. Quelle est ma situation ?<\/h3>\n<p>Dans cette situation, le candidat \u00e0 l\u2019embauche et l\u2019employeur sont simplement entr\u00e9s en pourparlers.<\/p>\n<p>Aucun \u00e9crit n\u2019est venu formaliser l\u2019accord des parties sur les conditions de l\u2019embauche. La proposition de <a href=\"https:\/\/www.garcia-avocat-paris.fr\/licenciement\/contrat-de-travail\/\" target=\"_blank\" rel=\"noopener noreferrer\">contrat<\/a> vaut seulement invitation \u00e0 entrer en n\u00e9gociation.<\/p>\n<h3>Une offre \u00e9crite pr\u00e9cise m\u2019a \u00e9t\u00e9 transmises par l\u2019employeur. Quelle est ma situation ?<\/h3>\n<p style=\"text-align: justify;\">L\u2019employeur a adress\u00e9 une proposition ferme \u00e9crite par mail ou lettre. Dans cet \u00e9crit, il est pr\u00e9cis\u00e9 l\u2019emploi, la r\u00e9mun\u00e9ration et la date d\u2019entr\u00e9e en fonction. Il s\u2019agit ici d\u2019une offre de contrat.<\/p>\n<p style=\"text-align: justify;\">Il y a lieu de distinguer deux situations.<\/p>\n<p style=\"text-align: justify;\">&#8211; Le candidat n\u2019a pas re\u00e7u la proposition d\u2019offre ou n\u2019a pas r\u00e9pondu dans les d\u00e9lais.<\/p>\n<p style=\"text-align: justify;\">La r\u00e9tractation n\u2019est possible que si le candidat n\u2019a pas encore re\u00e7u son offre, ou s\u2019il ne l\u2019a pas accept\u00e9e dans le d\u00e9lai qui lui \u00e9tait imparti pour le faire (Cass. soc. 21-9-2017 nos\u00a016-20.103 FS-PBRI et 16-20.104)<\/p>\n<p style=\"text-align: justify;\">&#8211; Le candidat a accept\u00e9 la proposition<\/p>\n<p style=\"text-align: justify;\">Dans cette situation, les parties sont en principe li\u00e9es par un contrat de travail.<\/p>\n<p style=\"text-align: justify;\">La rupture \u00e0 l\u2019initiative de l\u2019employeur s\u2019analyse alors en un licenciement sans cause r\u00e9elle et s\u00e9rieuse si le contrat promis \u00e9tait \u00e0 dur\u00e9e ind\u00e9termin\u00e9e (Cass. soc. 15-12-2010 n\u00b0\u00a008-42.951 F-PB\u00a0: RJS 3\/11 n\u00b0 205), et en une rupture abusive si le contrat \u00e9tait \u00e0 dur\u00e9e d\u00e9termin\u00e9e (CA Aix-en-Provence 20-1-2012 n\u00b0\u00a010-22931).<\/p>\n<p style=\"text-align: justify;\">Cette rupture ouvre droit \u00e0 des dommages et int\u00e9r\u00eats pour le salari\u00e9.<\/p>\n<h3>Le contrat de travail a \u00e9t\u00e9 sign\u00e9 avant le confinement et une date de d\u00e9but de contrat \u00e9tait fix\u00e9e. Suis-je prot\u00e9g\u00e9 ?<\/h3>\n<p style=\"text-align: justify;\">Dans le cas o\u00f9 le candidat a \u00e9t\u00e9 recrut\u00e9 et a sign\u00e9 son contrat de travail juste avant la mise en confinement mais avant sa prise de poste, le contrat a \u00e9t\u00e9 form\u00e9 et doit \u00eatre ex\u00e9cut\u00e9.<\/p>\n<p style=\"text-align: justify;\">Il doit \u00eatre trait\u00e9 comme les autres salari\u00e9s de l&#8217;entreprise, c&#8217;est-\u00e0-dire prendre son poste en t\u00e9l\u00e9travail \u00e0 la date convenue et si l&#8217;employeur se trouve dans l&#8217;impossibilit\u00e9 de fournir le travail convenu \u00eatre plac\u00e9 en activit\u00e9 partielle \u00e0 compter de celle-ci.<\/p>\n<p style=\"text-align: justify;\">La crise actuelle li\u00e9e \u00e0 l&#8217;\u00e9pid\u00e9mie Covid-19 n&#8217;est pas en tant que telle, un motif de rupture du contrat.<\/p>\n<h3>Promesse de contrat : L\u2019employeur peut-il \u00e9voquer l\u2019\u00e9pid\u00e9mie de Covid 19\/coronavirus pour justifier la rupture ?<\/h3>\n<p style=\"text-align: justify;\">Comme il a \u00e9t\u00e9 soulign\u00e9 plus haut, la crise actuelle li\u00e9e \u00e0 l&#8217;\u00e9pid\u00e9mie Covid-19 n&#8217;est pas en tant que telle, un motif de rupture du contrat.<\/p>\n<p style=\"text-align: justify;\">Dans une esp\u00e8ce isol\u00e9e, dans laquelle un p\u00e8re de famille engag\u00e9 par une promesse, a rompu le contrat d\u2019engagement, la Cour a jug\u00e9 que l&#8217;inex\u00e9cution par un p\u00e8re de famille du \u00ab\u00a0contrat d&#8217;engagement\u00a0\u00bb qu&#8217;il a conclu avec une \u00ab\u00a0monitrice\u00a0\u00bb pour assurer la garde de ses enfants, repose sur un motif personnel s\u00e9rieux d\u00e8s lors que cette inex\u00e9cution r\u00e9sulte du d\u00e9sir du p\u00e8re, qui en avait r\u00e9guli\u00e8rement avis\u00e9 l&#8217;int\u00e9ress\u00e9e un mois \u00e0 l&#8217;avance, d&#8217;\u00e9lever lui-m\u00eame ses enfants, et \u00e0 d\u00e9faut de commencement d&#8217;ex\u00e9cution il n&#8217;est d\u00fb \u00e0 la monitrice ni salaire ni indemnit\u00e9 de pr\u00e9avis (Cass. soc. 15-1-1981 n\u00b0\u00a079-41.291).<\/p>\n<p style=\"text-align: justify;\">A mon sens, dans le contexte actuel, la prudence invite \u00e0 respecter les engagements.<\/p>\n<p style=\"text-align: justify;\">De mani\u00e8re pratique, l\u2019employeur n\u2019est pas dans l\u2019obligation de rompre sa promesse de contrat : il a la possibilit\u00e9 de n\u00e9gocier avec le salari\u00e9 un report de la date de d\u00e9but d\u2019ex\u00e9cution du travail, afin de laisser passer la crise. Il pourra m\u00eame le placer en activit\u00e9 partielle.<\/p>\n","protected":false},"excerpt":{"rendered":"<p>La crise sanitaire li\u00e9e au COVID 19 nous am\u00e8ne \u00e0 nous poser la question des promesses d\u2019embauche qui avaient \u00e9t\u00e9 n\u00e9goci\u00e9es avant que des mesures de confinement ne soient d\u00e9cid\u00e9es. Le coronavirus permet-il de rompre une promesse de contrat de travail\u00a0? Avant de r\u00e9pondre \u00e0 cette question, il convient de revenir sur le r\u00e9gime de [&hellip;]<\/p>\n","protected":false},"author":3,"featured_media":24899,"comment_status":"closed","ping_status":"open","sticky":false,"template":"","format":"standard","meta":{"inline_featured_image":false,"footnotes":""},"categories":[16],"tags":[6],"class_list":["post-25923","post","type-post","status-publish","format-standard","has-post-thumbnail","hentry","category-contrat","tag-contrat-de-travail"],"yoast_head":"<!-- This site is optimized with the Yoast SEO plugin v27.4 - https:\/\/yoast.com\/product\/yoast-seo-wordpress\/ -->\n<title>Le coronavirus permet-il de rompre une promesse de contrat de travail ? Avocat Licenciement - Avocat Droit du Travail | Sarah GARCIA<\/title>\n<meta name=\"robots\" content=\"index, follow, max-snippet:-1, max-image-preview:large, max-video-preview:-1\" \/>\n<link rel=\"canonical\" href=\"https:\/\/www.garcia-avocat-paris.fr\/licenciement\/le-covid-permet-il-de-rompre-une-promesse-de-contrat-de-travail\/\" \/>\n<meta property=\"og:locale\" content=\"fr_FR\" \/>\n<meta property=\"og:type\" content=\"article\" \/>\n<meta property=\"og:title\" content=\"Le coronavirus permet-il de rompre une promesse de contrat de travail ? Avocat Licenciement - Avocat Droit du Travail | Sarah GARCIA\" \/>\n<meta property=\"og:description\" content=\"La crise sanitaire li\u00e9e au COVID 19 nous am\u00e8ne \u00e0 nous poser la question des promesses d\u2019embauche qui avaient \u00e9t\u00e9 n\u00e9goci\u00e9es avant que des mesures de confinement ne soient d\u00e9cid\u00e9es. Le coronavirus permet-il de rompre une promesse de contrat de travail\u00a0? Avant de r\u00e9pondre \u00e0 cette question, il convient de revenir sur le r\u00e9gime de [&hellip;]\" \/>\n<meta property=\"og:url\" content=\"https:\/\/www.garcia-avocat-paris.fr\/licenciement\/le-covid-permet-il-de-rompre-une-promesse-de-contrat-de-travail\/\" \/>\n<meta property=\"og:site_name\" content=\"Avocat Licenciement - Avocat Droit du Travail | Sarah GARCIA\" \/>\n<meta property=\"article:publisher\" content=\"https:\/\/www.facebook.com\/Cabinet.SG.Avocat.Paris\" \/>\n<meta property=\"article:published_time\" content=\"2020-05-07T11:11:37+00:00\" \/>\n<meta property=\"article:modified_time\" content=\"2024-05-13T11:12:02+00:00\" \/>\n<meta property=\"og:image\" content=\"https:\/\/www.garcia-avocat-paris.fr\/licenciement\/wp-content\/uploads\/2020\/05\/contrat-de-travail-1.jpg\" \/>\n\t<meta property=\"og:image:width\" content=\"450\" \/>\n\t<meta property=\"og:image:height\" content=\"273\" \/>\n\t<meta property=\"og:image:type\" content=\"image\/jpeg\" \/>\n<meta name=\"author\" content=\"Ma\u00eetre Sarah Garcia\" \/>\n<meta name=\"twitter:card\" content=\"summary_large_image\" \/>\n<meta name=\"twitter:creator\" content=\"@GarciaAvocat\" \/>\n<meta name=\"twitter:site\" content=\"@GarciaAvocat\" \/>\n<meta name=\"twitter:label1\" content=\"\u00c9crit par\" \/>\n\t<meta name=\"twitter:data1\" content=\"Ma\u00eetre Sarah Garcia\" \/>\n\t<meta name=\"twitter:label2\" content=\"Dur\u00e9e de lecture estim\u00e9e\" \/>\n\t<meta name=\"twitter:data2\" content=\"7 minutes\" \/>\n<script type=\"application\/ld+json\" class=\"yoast-schema-graph\">{\"@context\":\"https:\\\/\\\/schema.org\",\"@graph\":[{\"@type\":\"Article\",\"@id\":\"https:\\\/\\\/www.garcia-avocat-paris.fr\\\/licenciement\\\/le-covid-permet-il-de-rompre-une-promesse-de-contrat-de-travail\\\/#article\",\"isPartOf\":{\"@id\":\"https:\\\/\\\/www.garcia-avocat-paris.fr\\\/licenciement\\\/le-covid-permet-il-de-rompre-une-promesse-de-contrat-de-travail\\\/\"},\"author\":{\"name\":\"Ma\u00eetre Sarah Garcia\",\"@id\":\"https:\\\/\\\/www.garcia-avocat-paris.fr\\\/licenciement\\\/#\\\/schema\\\/person\\\/05adcab2a318b965f3632de28b7a2ba6\"},\"headline\":\"Le coronavirus permet-il de rompre une promesse de contrat de travail ?\",\"datePublished\":\"2020-05-07T11:11:37+00:00\",\"dateModified\":\"2024-05-13T11:12:02+00:00\",\"mainEntityOfPage\":{\"@id\":\"https:\\\/\\\/www.garcia-avocat-paris.fr\\\/licenciement\\\/le-covid-permet-il-de-rompre-une-promesse-de-contrat-de-travail\\\/\"},\"wordCount\":1331,\"publisher\":{\"@id\":\"https:\\\/\\\/www.garcia-avocat-paris.fr\\\/licenciement\\\/#organization\"},\"image\":{\"@id\":\"https:\\\/\\\/www.garcia-avocat-paris.fr\\\/licenciement\\\/le-covid-permet-il-de-rompre-une-promesse-de-contrat-de-travail\\\/#primaryimage\"},\"thumbnailUrl\":\"https:\\\/\\\/www.garcia-avocat-paris.fr\\\/licenciement\\\/wp-content\\\/uploads\\\/2020\\\/05\\\/contrat-de-travail-1.jpg\",\"keywords\":[\"contrat de travail\"],\"articleSection\":[\"contrat\"],\"inLanguage\":\"fr-FR\"},{\"@type\":\"WebPage\",\"@id\":\"https:\\\/\\\/www.garcia-avocat-paris.fr\\\/licenciement\\\/le-covid-permet-il-de-rompre-une-promesse-de-contrat-de-travail\\\/\",\"url\":\"https:\\\/\\\/www.garcia-avocat-paris.fr\\\/licenciement\\\/le-covid-permet-il-de-rompre-une-promesse-de-contrat-de-travail\\\/\",\"name\":\"Le coronavirus permet-il de rompre une promesse de contrat de travail ? Avocat Licenciement - Avocat Droit du Travail | Sarah GARCIA\",\"isPartOf\":{\"@id\":\"https:\\\/\\\/www.garcia-avocat-paris.fr\\\/licenciement\\\/#website\"},\"primaryImageOfPage\":{\"@id\":\"https:\\\/\\\/www.garcia-avocat-paris.fr\\\/licenciement\\\/le-covid-permet-il-de-rompre-une-promesse-de-contrat-de-travail\\\/#primaryimage\"},\"image\":{\"@id\":\"https:\\\/\\\/www.garcia-avocat-paris.fr\\\/licenciement\\\/le-covid-permet-il-de-rompre-une-promesse-de-contrat-de-travail\\\/#primaryimage\"},\"thumbnailUrl\":\"https:\\\/\\\/www.garcia-avocat-paris.fr\\\/licenciement\\\/wp-content\\\/uploads\\\/2020\\\/05\\\/contrat-de-travail-1.jpg\",\"datePublished\":\"2020-05-07T11:11:37+00:00\",\"dateModified\":\"2024-05-13T11:12:02+00:00\",\"breadcrumb\":{\"@id\":\"https:\\\/\\\/www.garcia-avocat-paris.fr\\\/licenciement\\\/le-covid-permet-il-de-rompre-une-promesse-de-contrat-de-travail\\\/#breadcrumb\"},\"inLanguage\":\"fr-FR\",\"potentialAction\":[{\"@type\":\"ReadAction\",\"target\":[\"https:\\\/\\\/www.garcia-avocat-paris.fr\\\/licenciement\\\/le-covid-permet-il-de-rompre-une-promesse-de-contrat-de-travail\\\/\"]}]},{\"@type\":\"ImageObject\",\"inLanguage\":\"fr-FR\",\"@id\":\"https:\\\/\\\/www.garcia-avocat-paris.fr\\\/licenciement\\\/le-covid-permet-il-de-rompre-une-promesse-de-contrat-de-travail\\\/#primaryimage\",\"url\":\"https:\\\/\\\/www.garcia-avocat-paris.fr\\\/licenciement\\\/wp-content\\\/uploads\\\/2020\\\/05\\\/contrat-de-travail-1.jpg\",\"contentUrl\":\"https:\\\/\\\/www.garcia-avocat-paris.fr\\\/licenciement\\\/wp-content\\\/uploads\\\/2020\\\/05\\\/contrat-de-travail-1.jpg\",\"width\":450,\"height\":273,\"caption\":\"promesse de contrat p\u00e9riode covid-19\"},{\"@type\":\"BreadcrumbList\",\"@id\":\"https:\\\/\\\/www.garcia-avocat-paris.fr\\\/licenciement\\\/le-covid-permet-il-de-rompre-une-promesse-de-contrat-de-travail\\\/#breadcrumb\",\"itemListElement\":[{\"@type\":\"ListItem\",\"position\":1,\"name\":\"Accueil\",\"item\":\"https:\\\/\\\/www.garcia-avocat-paris.fr\\\/licenciement\\\/\"},{\"@type\":\"ListItem\",\"position\":2,\"name\":\"contrat de travail\",\"item\":\"https:\\\/\\\/www.garcia-avocat-paris.fr\\\/licenciement\\\/tag\\\/contrat-de-travail\\\/\"},{\"@type\":\"ListItem\",\"position\":3,\"name\":\"Le coronavirus permet-il de rompre une promesse de contrat de travail ?\"}]},{\"@type\":\"WebSite\",\"@id\":\"https:\\\/\\\/www.garcia-avocat-paris.fr\\\/licenciement\\\/#website\",\"url\":\"https:\\\/\\\/www.garcia-avocat-paris.fr\\\/licenciement\\\/\",\"name\":\"Avocat Licenciement - Avocat Droit du Travail | Sarah GARCIA\",\"description\":\"Avocat du Travail Paris - Le Blog\",\"publisher\":{\"@id\":\"https:\\\/\\\/www.garcia-avocat-paris.fr\\\/licenciement\\\/#organization\"},\"potentialAction\":[{\"@type\":\"SearchAction\",\"target\":{\"@type\":\"EntryPoint\",\"urlTemplate\":\"https:\\\/\\\/www.garcia-avocat-paris.fr\\\/licenciement\\\/?s={search_term_string}\"},\"query-input\":{\"@type\":\"PropertyValueSpecification\",\"valueRequired\":true,\"valueName\":\"search_term_string\"}}],\"inLanguage\":\"fr-FR\"},{\"@type\":\"Organization\",\"@id\":\"https:\\\/\\\/www.garcia-avocat-paris.fr\\\/licenciement\\\/#organization\",\"name\":\"Cabinet SG Avocat\",\"url\":\"https:\\\/\\\/www.garcia-avocat-paris.fr\\\/licenciement\\\/\",\"logo\":{\"@type\":\"ImageObject\",\"inLanguage\":\"fr-FR\",\"@id\":\"https:\\\/\\\/www.garcia-avocat-paris.fr\\\/licenciement\\\/#\\\/schema\\\/logo\\\/image\\\/\",\"url\":\"https:\\\/\\\/www.garcia-avocat-paris.fr\\\/licenciement\\\/wp-content\\\/uploads\\\/2015\\\/03\\\/Logo-du-cabinet-sg-avocat.jpg\",\"contentUrl\":\"https:\\\/\\\/www.garcia-avocat-paris.fr\\\/licenciement\\\/wp-content\\\/uploads\\\/2015\\\/03\\\/Logo-du-cabinet-sg-avocat.jpg\",\"width\":75,\"height\":79,\"caption\":\"Cabinet SG Avocat\"},\"image\":{\"@id\":\"https:\\\/\\\/www.garcia-avocat-paris.fr\\\/licenciement\\\/#\\\/schema\\\/logo\\\/image\\\/\"},\"sameAs\":[\"https:\\\/\\\/www.facebook.com\\\/Cabinet.SG.Avocat.Paris\",\"https:\\\/\\\/x.com\\\/GarciaAvocat\",\"https:\\\/\\\/www.linkedin.com\\\/pub\\\/sarah-garcia\\\/69\\\/24\\\/12b\"]},{\"@type\":\"Person\",\"@id\":\"https:\\\/\\\/www.garcia-avocat-paris.fr\\\/licenciement\\\/#\\\/schema\\\/person\\\/05adcab2a318b965f3632de28b7a2ba6\",\"name\":\"Ma\u00eetre Sarah Garcia\",\"image\":{\"@type\":\"ImageObject\",\"inLanguage\":\"fr-FR\",\"@id\":\"https:\\\/\\\/secure.gravatar.com\\\/avatar\\\/815b85f978acf8e14c7618bc2b17b334b53c6606a959342bcce4f5ca7ce063e8?s=96&d=mm&r=g\",\"url\":\"https:\\\/\\\/secure.gravatar.com\\\/avatar\\\/815b85f978acf8e14c7618bc2b17b334b53c6606a959342bcce4f5ca7ce063e8?s=96&d=mm&r=g\",\"contentUrl\":\"https:\\\/\\\/secure.gravatar.com\\\/avatar\\\/815b85f978acf8e14c7618bc2b17b334b53c6606a959342bcce4f5ca7ce063e8?s=96&d=mm&r=g\",\"caption\":\"Ma\u00eetre Sarah Garcia\"},\"description\":\"Avocate au barreau de Paris, Ma\u00eetre Garcia est titulaire d\u2019un doctorat en droit priv\u00e9 ainsi qu'un DEA en droit des affaires et d'un DESS en droit des affaires et fiscalit\u00e9. Avocate en droit des soci\u00e9t\u00e9s, en droit du travail et Avocat CIL.\",\"sameAs\":[\"https:\\\/\\\/www.garcia-avocat-paris.fr\\\/licenciement\"]}]}<\/script>\n<!-- \/ Yoast SEO plugin. -->","yoast_head_json":{"title":"Le coronavirus permet-il de rompre une promesse de contrat de travail ? Avocat Licenciement - Avocat Droit du Travail | Sarah GARCIA","robots":{"index":"index","follow":"follow","max-snippet":"max-snippet:-1","max-image-preview":"max-image-preview:large","max-video-preview":"max-video-preview:-1"},"canonical":"https:\/\/www.garcia-avocat-paris.fr\/licenciement\/le-covid-permet-il-de-rompre-une-promesse-de-contrat-de-travail\/","og_locale":"fr_FR","og_type":"article","og_title":"Le coronavirus permet-il de rompre une promesse de contrat de travail ? Avocat Licenciement - Avocat Droit du Travail | Sarah GARCIA","og_description":"La crise sanitaire li\u00e9e au COVID 19 nous am\u00e8ne \u00e0 nous poser la question des promesses d\u2019embauche qui avaient \u00e9t\u00e9 n\u00e9goci\u00e9es avant que des mesures de confinement ne soient d\u00e9cid\u00e9es. Le coronavirus permet-il de rompre une promesse de contrat de travail\u00a0? Avant de r\u00e9pondre \u00e0 cette question, il convient de revenir sur le r\u00e9gime de [&hellip;]","og_url":"https:\/\/www.garcia-avocat-paris.fr\/licenciement\/le-covid-permet-il-de-rompre-une-promesse-de-contrat-de-travail\/","og_site_name":"Avocat Licenciement - Avocat Droit du Travail | Sarah GARCIA","article_publisher":"https:\/\/www.facebook.com\/Cabinet.SG.Avocat.Paris","article_published_time":"2020-05-07T11:11:37+00:00","article_modified_time":"2024-05-13T11:12:02+00:00","og_image":[{"width":450,"height":273,"url":"https:\/\/www.garcia-avocat-paris.fr\/licenciement\/wp-content\/uploads\/2020\/05\/contrat-de-travail-1.jpg","type":"image\/jpeg"}],"author":"Ma\u00eetre Sarah Garcia","twitter_card":"summary_large_image","twitter_creator":"@GarciaAvocat","twitter_site":"@GarciaAvocat","twitter_misc":{"\u00c9crit par":"Ma\u00eetre Sarah Garcia","Dur\u00e9e de lecture estim\u00e9e":"7 minutes"},"schema":{"@context":"https:\/\/schema.org","@graph":[{"@type":"Article","@id":"https:\/\/www.garcia-avocat-paris.fr\/licenciement\/le-covid-permet-il-de-rompre-une-promesse-de-contrat-de-travail\/#article","isPartOf":{"@id":"https:\/\/www.garcia-avocat-paris.fr\/licenciement\/le-covid-permet-il-de-rompre-une-promesse-de-contrat-de-travail\/"},"author":{"name":"Ma\u00eetre Sarah Garcia","@id":"https:\/\/www.garcia-avocat-paris.fr\/licenciement\/#\/schema\/person\/05adcab2a318b965f3632de28b7a2ba6"},"headline":"Le coronavirus permet-il de rompre une promesse de contrat de travail ?","datePublished":"2020-05-07T11:11:37+00:00","dateModified":"2024-05-13T11:12:02+00:00","mainEntityOfPage":{"@id":"https:\/\/www.garcia-avocat-paris.fr\/licenciement\/le-covid-permet-il-de-rompre-une-promesse-de-contrat-de-travail\/"},"wordCount":1331,"publisher":{"@id":"https:\/\/www.garcia-avocat-paris.fr\/licenciement\/#organization"},"image":{"@id":"https:\/\/www.garcia-avocat-paris.fr\/licenciement\/le-covid-permet-il-de-rompre-une-promesse-de-contrat-de-travail\/#primaryimage"},"thumbnailUrl":"https:\/\/www.garcia-avocat-paris.fr\/licenciement\/wp-content\/uploads\/2020\/05\/contrat-de-travail-1.jpg","keywords":["contrat de travail"],"articleSection":["contrat"],"inLanguage":"fr-FR"},{"@type":"WebPage","@id":"https:\/\/www.garcia-avocat-paris.fr\/licenciement\/le-covid-permet-il-de-rompre-une-promesse-de-contrat-de-travail\/","url":"https:\/\/www.garcia-avocat-paris.fr\/licenciement\/le-covid-permet-il-de-rompre-une-promesse-de-contrat-de-travail\/","name":"Le coronavirus permet-il de rompre une promesse de contrat de travail ? Avocat Licenciement - Avocat Droit du Travail | Sarah GARCIA","isPartOf":{"@id":"https:\/\/www.garcia-avocat-paris.fr\/licenciement\/#website"},"primaryImageOfPage":{"@id":"https:\/\/www.garcia-avocat-paris.fr\/licenciement\/le-covid-permet-il-de-rompre-une-promesse-de-contrat-de-travail\/#primaryimage"},"image":{"@id":"https:\/\/www.garcia-avocat-paris.fr\/licenciement\/le-covid-permet-il-de-rompre-une-promesse-de-contrat-de-travail\/#primaryimage"},"thumbnailUrl":"https:\/\/www.garcia-avocat-paris.fr\/licenciement\/wp-content\/uploads\/2020\/05\/contrat-de-travail-1.jpg","datePublished":"2020-05-07T11:11:37+00:00","dateModified":"2024-05-13T11:12:02+00:00","breadcrumb":{"@id":"https:\/\/www.garcia-avocat-paris.fr\/licenciement\/le-covid-permet-il-de-rompre-une-promesse-de-contrat-de-travail\/#breadcrumb"},"inLanguage":"fr-FR","potentialAction":[{"@type":"ReadAction","target":["https:\/\/www.garcia-avocat-paris.fr\/licenciement\/le-covid-permet-il-de-rompre-une-promesse-de-contrat-de-travail\/"]}]},{"@type":"ImageObject","inLanguage":"fr-FR","@id":"https:\/\/www.garcia-avocat-paris.fr\/licenciement\/le-covid-permet-il-de-rompre-une-promesse-de-contrat-de-travail\/#primaryimage","url":"https:\/\/www.garcia-avocat-paris.fr\/licenciement\/wp-content\/uploads\/2020\/05\/contrat-de-travail-1.jpg","contentUrl":"https:\/\/www.garcia-avocat-paris.fr\/licenciement\/wp-content\/uploads\/2020\/05\/contrat-de-travail-1.jpg","width":450,"height":273,"caption":"promesse de contrat p\u00e9riode covid-19"},{"@type":"BreadcrumbList","@id":"https:\/\/www.garcia-avocat-paris.fr\/licenciement\/le-covid-permet-il-de-rompre-une-promesse-de-contrat-de-travail\/#breadcrumb","itemListElement":[{"@type":"ListItem","position":1,"name":"Accueil","item":"https:\/\/www.garcia-avocat-paris.fr\/licenciement\/"},{"@type":"ListItem","position":2,"name":"contrat de travail","item":"https:\/\/www.garcia-avocat-paris.fr\/licenciement\/tag\/contrat-de-travail\/"},{"@type":"ListItem","position":3,"name":"Le coronavirus permet-il de rompre une promesse de contrat de travail ?"}]},{"@type":"WebSite","@id":"https:\/\/www.garcia-avocat-paris.fr\/licenciement\/#website","url":"https:\/\/www.garcia-avocat-paris.fr\/licenciement\/","name":"Avocat Licenciement - Avocat Droit du Travail | Sarah GARCIA","description":"Avocat du Travail Paris - Le Blog","publisher":{"@id":"https:\/\/www.garcia-avocat-paris.fr\/licenciement\/#organization"},"potentialAction":[{"@type":"SearchAction","target":{"@type":"EntryPoint","urlTemplate":"https:\/\/www.garcia-avocat-paris.fr\/licenciement\/?s={search_term_string}"},"query-input":{"@type":"PropertyValueSpecification","valueRequired":true,"valueName":"search_term_string"}}],"inLanguage":"fr-FR"},{"@type":"Organization","@id":"https:\/\/www.garcia-avocat-paris.fr\/licenciement\/#organization","name":"Cabinet SG Avocat","url":"https:\/\/www.garcia-avocat-paris.fr\/licenciement\/","logo":{"@type":"ImageObject","inLanguage":"fr-FR","@id":"https:\/\/www.garcia-avocat-paris.fr\/licenciement\/#\/schema\/logo\/image\/","url":"https:\/\/www.garcia-avocat-paris.fr\/licenciement\/wp-content\/uploads\/2015\/03\/Logo-du-cabinet-sg-avocat.jpg","contentUrl":"https:\/\/www.garcia-avocat-paris.fr\/licenciement\/wp-content\/uploads\/2015\/03\/Logo-du-cabinet-sg-avocat.jpg","width":75,"height":79,"caption":"Cabinet SG Avocat"},"image":{"@id":"https:\/\/www.garcia-avocat-paris.fr\/licenciement\/#\/schema\/logo\/image\/"},"sameAs":["https:\/\/www.facebook.com\/Cabinet.SG.Avocat.Paris","https:\/\/x.com\/GarciaAvocat","https:\/\/www.linkedin.com\/pub\/sarah-garcia\/69\/24\/12b"]},{"@type":"Person","@id":"https:\/\/www.garcia-avocat-paris.fr\/licenciement\/#\/schema\/person\/05adcab2a318b965f3632de28b7a2ba6","name":"Ma\u00eetre Sarah Garcia","image":{"@type":"ImageObject","inLanguage":"fr-FR","@id":"https:\/\/secure.gravatar.com\/avatar\/815b85f978acf8e14c7618bc2b17b334b53c6606a959342bcce4f5ca7ce063e8?s=96&d=mm&r=g","url":"https:\/\/secure.gravatar.com\/avatar\/815b85f978acf8e14c7618bc2b17b334b53c6606a959342bcce4f5ca7ce063e8?s=96&d=mm&r=g","contentUrl":"https:\/\/secure.gravatar.com\/avatar\/815b85f978acf8e14c7618bc2b17b334b53c6606a959342bcce4f5ca7ce063e8?s=96&d=mm&r=g","caption":"Ma\u00eetre Sarah Garcia"},"description":"Avocate au barreau de Paris, Ma\u00eetre Garcia est titulaire d\u2019un doctorat en droit priv\u00e9 ainsi qu'un DEA en droit des affaires et d'un DESS en droit des affaires et fiscalit\u00e9. Avocate en droit des soci\u00e9t\u00e9s, en droit du travail et Avocat CIL.","sameAs":["https:\/\/www.garcia-avocat-paris.fr\/licenciement"]}]}},"views":59,"_links":{"self":[{"href":"https:\/\/www.garcia-avocat-paris.fr\/licenciement\/wp-json\/wp\/v2\/posts\/25923","targetHints":{"allow":["GET"]}}],"collection":[{"href":"https:\/\/www.garcia-avocat-paris.fr\/licenciement\/wp-json\/wp\/v2\/posts"}],"about":[{"href":"https:\/\/www.garcia-avocat-paris.fr\/licenciement\/wp-json\/wp\/v2\/types\/post"}],"author":[{"embeddable":true,"href":"https:\/\/www.garcia-avocat-paris.fr\/licenciement\/wp-json\/wp\/v2\/users\/3"}],"replies":[{"embeddable":true,"href":"https:\/\/www.garcia-avocat-paris.fr\/licenciement\/wp-json\/wp\/v2\/comments?post=25923"}],"version-history":[{"count":0,"href":"https:\/\/www.garcia-avocat-paris.fr\/licenciement\/wp-json\/wp\/v2\/posts\/25923\/revisions"}],"wp:featuredmedia":[{"embeddable":true,"href":"https:\/\/www.garcia-avocat-paris.fr\/licenciement\/wp-json\/wp\/v2\/media\/24899"}],"wp:attachment":[{"href":"https:\/\/www.garcia-avocat-paris.fr\/licenciement\/wp-json\/wp\/v2\/media?parent=25923"}],"wp:term":[{"taxonomy":"category","embeddable":true,"href":"https:\/\/www.garcia-avocat-paris.fr\/licenciement\/wp-json\/wp\/v2\/categories?post=25923"},{"taxonomy":"post_tag","embeddable":true,"href":"https:\/\/www.garcia-avocat-paris.fr\/licenciement\/wp-json\/wp\/v2\/tags?post=25923"}],"curies":[{"name":"wp","href":"https:\/\/api.w.org\/{rel}","templated":true}]}}