{"id":25905,"date":"2020-05-08T11:40:17","date_gmt":"2020-05-08T10:40:17","guid":{"rendered":"https:\/\/www.garcia-avocat-paris.fr\/licenciement\/?p=25905"},"modified":"2024-05-13T11:41:04","modified_gmt":"2024-05-13T10:41:04","slug":"covid-19-homologation-rupture-conventionnelle","status":"publish","type":"post","link":"https:\/\/www.garcia-avocat-paris.fr\/licenciement\/covid-19-homologation-rupture-conventionnelle\/","title":{"rendered":"Covid-19: Demande d\u2019homologation d\u2019une rupture conventionnelle, les incidences"},"content":{"rendered":"\n\n\n<h2>Crise sanitaire li\u00e9e au COVID-19 et demande d\u2019homologation d\u2019une rupture conventionnelle : quelle incidence sur les d\u00e9lais.<\/h2>\n<p style=\"text-align: justify;\">Pour permettre aux administrations\u00a0et\u00a0aux administr\u00e9s d\u2019adapter leur fonctionnement en temps de crise du coronavirus, l\u2019ordonnance 2020-306 du 25\u00a0mars 2020 relative \u00e0 la prorogation des d\u00e9lais \u00e9chus pendant <img decoding=\"async\" class=\"alignright size-thumbnail wp-image-689\" src=\"https:\/\/www.garcia-avocat-paris.fr\/licenciement\/wp-content\/uploads\/2015\/01\/rupture-conventionnelle-150x150.jpg\" alt=\"rupture conventionnelle\" width=\"150\" height=\"150\" srcset=\"https:\/\/www.garcia-avocat-paris.fr\/licenciement\/wp-content\/uploads\/2015\/01\/rupture-conventionnelle-150x150.jpg 150w, https:\/\/www.garcia-avocat-paris.fr\/licenciement\/wp-content\/uploads\/2015\/01\/rupture-conventionnelle-267x267.jpg 267w, https:\/\/www.garcia-avocat-paris.fr\/licenciement\/wp-content\/uploads\/2015\/01\/rupture-conventionnelle-100x100.jpg 100w\" sizes=\"(max-width: 150px) 100vw, 150px\" \/>la p\u00e9riode d\u2019urgence sanitaire et \u00e0 l\u2019adaptation des proc\u00e9dures pendant cette m\u00eame p\u00e9riode, a pr\u00e9vu une suspension g\u00e9n\u00e9rale des d\u00e9lais impartis \u00e0 l\u2019administration, notamment, pour prendre une d\u00e9cision.<br \/>Un <a href=\"https:\/\/www.legifrance.gouv.fr\/affichTexte.do?cidTexte=JORFTEXT000041820235&amp;categorieLien=id\" target=\"_blank\" rel=\"noopener noreferrer\">d\u00e9cret n\u00b0\u00a02020-471 du 24 avril 2020<\/a> portant d\u00e9rogation au principe de suspension des d\u00e9lais pendant la p\u00e9riode d&#8217;\u00e9tat d&#8217;urgence sanitaire li\u00e9e \u00e0 l&#8217;\u00e9pid\u00e9mie de covid-19 dans le domaine du travail et de l&#8217;emploi \u00a0a \u00e9t\u00e9 adopt\u00e9. Cela signifie concr\u00e8tement que les d\u00e9lais qui avaient commenc\u00e9 \u00e0 courir avant le 12 mars 2020 et qui ont \u00e9t\u00e9 suspendus \u00e0 compter de cette date, reprennent leur cours, pour le temps restant, \u00e0 compter du 26 avril.<\/p>\n<p style=\"text-align: justify;\"><a href=\"https:\/\/www.garcia-avocat-paris.fr\/licenciement\/la-nullite-de-la-rupture-conventionnelle\/\" rel=\"\">La rupture conventionnelle<\/a> est impact\u00e9e par cette ordonnance et ce d\u00e9cret, s\u2019agissant notamment la d\u00e9cision d\u2019homologation prise par l\u2019autorit\u00e9 administrative.<br \/>Il convient de rappeler que la rupture conventionnelle ne peut prendre son effet qu\u2019\u00e0 l\u2019expiration de deux d\u00e9lais\u00a0:<\/p>\n<p style=\"text-align: justify;\">Tout d\u2019abord, l\u2019employeur et le salari\u00e9 peuvent se r\u00e9tracter dans les 15 jours calendaires suivant la signature de la convention.<br \/>A l\u2019issue de ce premier d\u00e9lai, ils doivent solliciter l\u2019homologation de la convention par la Dirrecte. Cette homologation est acquise soit par une d\u00e9cision explicite de cette administration, soit implicitement \u00e0 d\u00e9faut de r\u00e9ponse dans le d\u00e9lai de 15 jours ouvrables \u00e0 compter du d\u00e9p\u00f4t \u00e0 la Dirrecte d\u2019un exemplaire de cette convention.<br \/>Quel est l\u2019impact de l\u2019ordonnance 2020-306 du 25\u00a0mars 2020 relative \u00e0 la prorogation des d\u00e9lais \u00e9chus\u00a0?<\/p>\n<p style=\"text-align: justify;\">Quel est l\u2019incidence du d\u00e9cret n\u00b0\u00a02020-471 du 24 avril 2020 sur cette proc\u00e9dure\u00a0?<\/p>\n<h3>Le d\u00e9lai d\u2019homologation a \u00e9t\u00e9 suspendu entre le 12 mars et le 26 avril 2020<\/h3>\n<p style=\"text-align: justify;\">L\u2019effet de l\u2019ordonnance du\u00a0 25\u00a0mars 2020 est la suspension des d\u00e9lais en mati\u00e8re d\u2019homologation entre le 12 mars et le 26 avril.<br \/>Pour rappel, l\u2019article L1237-14 du code du travail pr\u00e9cise que\u00a0:<\/p>\n<p style=\"text-align: justify;\">\u00ab A l\u2019issue du d\u00e9lai de r\u00e9tractation, la partie la plus diligente adresse une demande d&#8217;homologation \u00e0 l&#8217;autorit\u00e9 administrative, avec un exemplaire de la convention de rupture. Un arr\u00eat\u00e9 du ministre charg\u00e9 du travail fixe le mod\u00e8le de cette demande.<\/p>\n<p style=\"text-align: justify;\">L&#8217;autorit\u00e9 administrative dispose d&#8217;un d\u00e9lai d&#8217;instruction de quinze jours ouvrables, \u00e0 compter de la r\u00e9ception de la demande, pour s&#8217;assurer du respect des conditions pr\u00e9vues \u00e0 la pr\u00e9sente section et de la libert\u00e9 de consentement des parties. A d\u00e9faut de notification dans ce d\u00e9lai, l&#8217;homologation est r\u00e9put\u00e9e acquise et l&#8217;autorit\u00e9 administrative est dessaisie.<\/p>\n<p style=\"text-align: justify;\">La validit\u00e9 de la convention est subordonn\u00e9e \u00e0 son homologation\u2026\u00a0\u00bb<\/p>\n<p style=\"text-align: justify;\">Ainsi, cette suspension vise le d\u00e9lai de 15\u00a0jours ouvrables ouvert \u00e0 la Direccte pour homologuer ou non une rupture conventionnelle en application de l\u2019article L\u00a01237-14 du Code du travail.<\/p>\n<p style=\"text-align: justify;\">L\u2019article 7 de l\u2019ordonnance n\u00b02020-306 du 25 mars 2020 avait pour effet, lorsque la demande d\u2019homologation a \u00e9t\u00e9 re\u00e7ue entre le 12 mars et le 24 juin, de reporter au terme de cette p\u00e9riode, le point de d\u00e9part du d\u00e9lai de 15 jours ouvrables pr\u00e9vu par l\u2019article L.1237-14 du code du travail, dont dispose le Direccte pour statuer sur la demande, et \u00e0 l\u2019issue duquel le silence gard\u00e9 par l\u2019administration fait na\u00eetre une d\u00e9cision implicite d\u2019homologation.<\/p>\n<p style=\"text-align: justify;\">De m\u00eame, dans le cas o\u00f9 le d\u00e9lai d\u2019instruction n\u2019avait pas expir\u00e9 au 12 mars, pour les demandes re\u00e7ues ant\u00e9rieurement et pour lesquelles le d\u00e9lai a commenc\u00e9 \u00e0 courir avant le 12 mars, ce d\u00e9lai de 15 jours ouvrables \u00e9tait suspendu \u00e0 cette date pour reprendre son cours normal \u00e0 l\u2019expiration de la p\u00e9riode de l\u2019\u00e9tat d\u2019urgence sanitaire augment\u00e9e d\u2019un mois (12 mars &#8211; 24 juin) dite &#8220;p\u00e9riode juridiquement prot\u00e9g\u00e9e&#8221;.<\/p>\n<h3>La suspension prend fin \u00e0 compter du 26 avril 2020<\/h3>\n<p>Le d\u00e9cret n\u00b0\u00a02020-471 du 24 avril 2020 met un terme \u00e0 la suspension et au report du point de d\u00e9part du d\u00e9lai d\u2019instruction des demandes d\u2019homologation de rupture conventionnelle.<\/p>\n<p>Il en r\u00e9sulte que le d\u00e9lai imparti au Direccte pour homologuer ou refuser d\u2019homologuer une convention de rupture\u00a0:<\/p>\n<ul>\n<li>s\u2019il \u00e9tait suspendu depuis le 12 mars : reprend son cours le 27 avril (le 26 avril tombe un dimanche, jour non ouvrable), pour le temps qui restait \u00e0 courir au 12 mars ;<\/li>\n<li>s\u2019il avait d\u00fb commencer \u00e0 courir pendant la p\u00e9riode juridiquement prot\u00e9g\u00e9e (12 mars &#8211; 24 juin) : d\u00e9bute, selon le cas :<\/li>\n<\/ul>\n<ul style=\"list-style-type: square;\">\n<li>soit le 27 avril, pour les demandes re\u00e7ues entre le 12 mars et le vendredi 24 avril inclus et prendra fin le 15 mai \u00e0 minuit, compte tenu que deux jours f\u00e9ri\u00e9s l\u00e9gaux (1er et 8 mai) et trois dimanches sont compris dans le d\u00e9lai\u00a0;<\/li>\n<li>soit \u00e0 r\u00e9ception de la demande (le lendemain) pour les demandes qui parviendront apr\u00e8s le 25 avril, conform\u00e9ment aux dispositions de l\u2019article L.1237-14.<br \/>D\u00e9sormais, le silence gard\u00e9 par l\u2019administration pendant le d\u00e9lai d\u2019instruction, calcul\u00e9 comme indiqu\u00e9 ci-dessus, vaut homologation tacite de la convention de rupture.<\/li>\n<\/ul>\n<h3>Quid du d\u00e9lai de r\u00e9tractation accord\u00e9 aux parties pour renoncer \u00e0 la rupture conventionnelle\u202f?<\/h3>\n<p style=\"text-align: justify;\">Suivant \u00e0 l\u2019article L\u00a01237-13 du Code du travail, \u00e0 compter de la date de signature de la convention de rupture, les parties peuvent se r\u00e9tracter dans un d\u00e9lai de 15\u00a0jours calendaires.<\/p>\n<p style=\"text-align: justify;\">La question \u00e9tait de savoir si l\u2019ordonnance du 25\u00a0mars 2020 visait \u00e9galement ce d\u00e9lai de r\u00e9tractation ouvert aux parties pour renoncer \u00e0 la rupture conventionnelle.<\/p>\n<p style=\"text-align: justify;\">L\u2019article\u00a02 de l\u2019ordonnance 2020-427 du 15\u00a0avril 2020 y r\u00e9pond par la n\u00e9gative. Ce texte pr\u00e9cise en effet\u00a0que les d\u00e9lais de r\u00e9flexion, r\u00e9tractation ou de renonciation ne sont pas concern\u00e9s par le dispositif d\u00e9rogatoire de suspension des d\u00e9lais.<\/p>\n<p>Pour r\u00e9sum\u00e9, il faut retenir les points suivants\u00a0:<\/p>\n<ul>\n<li>Le d\u00e9lai d\u2019homologation a \u00e9t\u00e9 suspendu entre le 12 mars et le 26 avril 2020<\/li>\n<li>La suspension prend fin \u00e0 compter du 26 avril 2020<\/li>\n<li>\u00a0Le d\u00e9lai de r\u00e9traction des parties n\u2019est pas concern\u00e9 par la suspension.<\/li>\n<\/ul>\n","protected":false},"excerpt":{"rendered":"<p>Crise sanitaire li\u00e9e au COVID-19 et demande d\u2019homologation d\u2019une rupture conventionnelle : quelle incidence sur les d\u00e9lais. Pour permettre aux administrations\u00a0et\u00a0aux administr\u00e9s d\u2019adapter leur fonctionnement en temps de crise du coronavirus, l\u2019ordonnance 2020-306 du 25\u00a0mars 2020 relative \u00e0 la prorogation des d\u00e9lais \u00e9chus pendant la p\u00e9riode d\u2019urgence sanitaire et \u00e0 l\u2019adaptation des proc\u00e9dures pendant cette [&hellip;]<\/p>\n","protected":false},"author":3,"featured_media":24899,"comment_status":"closed","ping_status":"open","sticky":false,"template":"","format":"standard","meta":{"inline_featured_image":false,"footnotes":""},"categories":[3],"tags":[193,87],"class_list":["post-25905","post","type-post","status-publish","format-standard","has-post-thumbnail","hentry","category-droit-du-travail","tag-homologation","tag-rupture-conventionnelle"],"yoast_head":"<!-- This site is optimized with the Yoast SEO plugin v27.4 - https:\/\/yoast.com\/product\/yoast-seo-wordpress\/ -->\n<title>Covid-19: Demande d\u2019homologation d\u2019une rupture conventionnelle, les incidences Avocat Licenciement - Avocat Droit du Travail | Sarah GARCIA<\/title>\n<meta name=\"robots\" content=\"index, follow, max-snippet:-1, max-image-preview:large, max-video-preview:-1\" \/>\n<link rel=\"canonical\" href=\"https:\/\/www.garcia-avocat-paris.fr\/licenciement\/covid-19-homologation-rupture-conventionnelle\/\" \/>\n<meta property=\"og:locale\" content=\"fr_FR\" \/>\n<meta property=\"og:type\" content=\"article\" \/>\n<meta property=\"og:title\" content=\"Covid-19: Demande d\u2019homologation d\u2019une rupture conventionnelle, les incidences Avocat Licenciement - Avocat Droit du Travail | Sarah GARCIA\" \/>\n<meta property=\"og:description\" content=\"Crise sanitaire li\u00e9e au COVID-19 et demande d\u2019homologation d\u2019une rupture conventionnelle : quelle incidence sur les d\u00e9lais. Pour permettre aux administrations\u00a0et\u00a0aux administr\u00e9s d\u2019adapter leur fonctionnement en temps de crise du coronavirus, l\u2019ordonnance 2020-306 du 25\u00a0mars 2020 relative \u00e0 la prorogation des d\u00e9lais \u00e9chus pendant la p\u00e9riode d\u2019urgence sanitaire et \u00e0 l\u2019adaptation des proc\u00e9dures pendant cette [&hellip;]\" \/>\n<meta property=\"og:url\" content=\"https:\/\/www.garcia-avocat-paris.fr\/licenciement\/covid-19-homologation-rupture-conventionnelle\/\" \/>\n<meta property=\"og:site_name\" content=\"Avocat Licenciement - Avocat Droit du Travail | Sarah GARCIA\" \/>\n<meta property=\"article:publisher\" content=\"https:\/\/www.facebook.com\/Cabinet.SG.Avocat.Paris\" \/>\n<meta property=\"article:published_time\" content=\"2020-05-08T10:40:17+00:00\" \/>\n<meta property=\"article:modified_time\" content=\"2024-05-13T10:41:04+00:00\" \/>\n<meta property=\"og:image\" content=\"https:\/\/www.garcia-avocat-paris.fr\/licenciement\/wp-content\/uploads\/2020\/05\/contrat-de-travail-1.jpg\" \/>\n\t<meta property=\"og:image:width\" content=\"450\" \/>\n\t<meta property=\"og:image:height\" content=\"273\" \/>\n\t<meta property=\"og:image:type\" content=\"image\/jpeg\" \/>\n<meta name=\"author\" content=\"Ma\u00eetre Sarah Garcia\" \/>\n<meta name=\"twitter:card\" content=\"summary_large_image\" \/>\n<meta name=\"twitter:creator\" content=\"@GarciaAvocat\" \/>\n<meta name=\"twitter:site\" content=\"@GarciaAvocat\" \/>\n<meta name=\"twitter:label1\" content=\"\u00c9crit par\" \/>\n\t<meta name=\"twitter:data1\" content=\"Ma\u00eetre Sarah Garcia\" \/>\n\t<meta name=\"twitter:label2\" content=\"Dur\u00e9e de lecture estim\u00e9e\" \/>\n\t<meta name=\"twitter:data2\" content=\"6 minutes\" \/>\n<script type=\"application\/ld+json\" class=\"yoast-schema-graph\">{\"@context\":\"https:\\\/\\\/schema.org\",\"@graph\":[{\"@type\":\"Article\",\"@id\":\"https:\\\/\\\/www.garcia-avocat-paris.fr\\\/licenciement\\\/covid-19-homologation-rupture-conventionnelle\\\/#article\",\"isPartOf\":{\"@id\":\"https:\\\/\\\/www.garcia-avocat-paris.fr\\\/licenciement\\\/covid-19-homologation-rupture-conventionnelle\\\/\"},\"author\":{\"name\":\"Ma\u00eetre Sarah Garcia\",\"@id\":\"https:\\\/\\\/www.garcia-avocat-paris.fr\\\/licenciement\\\/#\\\/schema\\\/person\\\/05adcab2a318b965f3632de28b7a2ba6\"},\"headline\":\"Covid-19: Demande d\u2019homologation d\u2019une rupture conventionnelle, les incidences\",\"datePublished\":\"2020-05-08T10:40:17+00:00\",\"dateModified\":\"2024-05-13T10:41:04+00:00\",\"mainEntityOfPage\":{\"@id\":\"https:\\\/\\\/www.garcia-avocat-paris.fr\\\/licenciement\\\/covid-19-homologation-rupture-conventionnelle\\\/\"},\"wordCount\":1076,\"publisher\":{\"@id\":\"https:\\\/\\\/www.garcia-avocat-paris.fr\\\/licenciement\\\/#organization\"},\"image\":{\"@id\":\"https:\\\/\\\/www.garcia-avocat-paris.fr\\\/licenciement\\\/covid-19-homologation-rupture-conventionnelle\\\/#primaryimage\"},\"thumbnailUrl\":\"https:\\\/\\\/www.garcia-avocat-paris.fr\\\/licenciement\\\/wp-content\\\/uploads\\\/2020\\\/05\\\/contrat-de-travail-1.jpg\",\"keywords\":[\"homologation\",\"rupture conventionnelle\"],\"articleSection\":[\"droit du travail\"],\"inLanguage\":\"fr-FR\"},{\"@type\":\"WebPage\",\"@id\":\"https:\\\/\\\/www.garcia-avocat-paris.fr\\\/licenciement\\\/covid-19-homologation-rupture-conventionnelle\\\/\",\"url\":\"https:\\\/\\\/www.garcia-avocat-paris.fr\\\/licenciement\\\/covid-19-homologation-rupture-conventionnelle\\\/\",\"name\":\"Covid-19: Demande d\u2019homologation d\u2019une rupture conventionnelle, les incidences Avocat Licenciement - Avocat Droit du Travail | Sarah GARCIA\",\"isPartOf\":{\"@id\":\"https:\\\/\\\/www.garcia-avocat-paris.fr\\\/licenciement\\\/#website\"},\"primaryImageOfPage\":{\"@id\":\"https:\\\/\\\/www.garcia-avocat-paris.fr\\\/licenciement\\\/covid-19-homologation-rupture-conventionnelle\\\/#primaryimage\"},\"image\":{\"@id\":\"https:\\\/\\\/www.garcia-avocat-paris.fr\\\/licenciement\\\/covid-19-homologation-rupture-conventionnelle\\\/#primaryimage\"},\"thumbnailUrl\":\"https:\\\/\\\/www.garcia-avocat-paris.fr\\\/licenciement\\\/wp-content\\\/uploads\\\/2020\\\/05\\\/contrat-de-travail-1.jpg\",\"datePublished\":\"2020-05-08T10:40:17+00:00\",\"dateModified\":\"2024-05-13T10:41:04+00:00\",\"breadcrumb\":{\"@id\":\"https:\\\/\\\/www.garcia-avocat-paris.fr\\\/licenciement\\\/covid-19-homologation-rupture-conventionnelle\\\/#breadcrumb\"},\"inLanguage\":\"fr-FR\",\"potentialAction\":[{\"@type\":\"ReadAction\",\"target\":[\"https:\\\/\\\/www.garcia-avocat-paris.fr\\\/licenciement\\\/covid-19-homologation-rupture-conventionnelle\\\/\"]}]},{\"@type\":\"ImageObject\",\"inLanguage\":\"fr-FR\",\"@id\":\"https:\\\/\\\/www.garcia-avocat-paris.fr\\\/licenciement\\\/covid-19-homologation-rupture-conventionnelle\\\/#primaryimage\",\"url\":\"https:\\\/\\\/www.garcia-avocat-paris.fr\\\/licenciement\\\/wp-content\\\/uploads\\\/2020\\\/05\\\/contrat-de-travail-1.jpg\",\"contentUrl\":\"https:\\\/\\\/www.garcia-avocat-paris.fr\\\/licenciement\\\/wp-content\\\/uploads\\\/2020\\\/05\\\/contrat-de-travail-1.jpg\",\"width\":450,\"height\":273,\"caption\":\"promesse de contrat p\u00e9riode covid-19\"},{\"@type\":\"BreadcrumbList\",\"@id\":\"https:\\\/\\\/www.garcia-avocat-paris.fr\\\/licenciement\\\/covid-19-homologation-rupture-conventionnelle\\\/#breadcrumb\",\"itemListElement\":[{\"@type\":\"ListItem\",\"position\":1,\"name\":\"Accueil\",\"item\":\"https:\\\/\\\/www.garcia-avocat-paris.fr\\\/licenciement\\\/\"},{\"@type\":\"ListItem\",\"position\":2,\"name\":\"homologation\",\"item\":\"https:\\\/\\\/www.garcia-avocat-paris.fr\\\/licenciement\\\/tag\\\/homologation\\\/\"},{\"@type\":\"ListItem\",\"position\":3,\"name\":\"Covid-19: Demande d\u2019homologation d\u2019une rupture conventionnelle, les incidences\"}]},{\"@type\":\"WebSite\",\"@id\":\"https:\\\/\\\/www.garcia-avocat-paris.fr\\\/licenciement\\\/#website\",\"url\":\"https:\\\/\\\/www.garcia-avocat-paris.fr\\\/licenciement\\\/\",\"name\":\"Avocat Licenciement - Avocat Droit du Travail | Sarah GARCIA\",\"description\":\"Avocat du Travail Paris - Le Blog\",\"publisher\":{\"@id\":\"https:\\\/\\\/www.garcia-avocat-paris.fr\\\/licenciement\\\/#organization\"},\"potentialAction\":[{\"@type\":\"SearchAction\",\"target\":{\"@type\":\"EntryPoint\",\"urlTemplate\":\"https:\\\/\\\/www.garcia-avocat-paris.fr\\\/licenciement\\\/?s={search_term_string}\"},\"query-input\":{\"@type\":\"PropertyValueSpecification\",\"valueRequired\":true,\"valueName\":\"search_term_string\"}}],\"inLanguage\":\"fr-FR\"},{\"@type\":\"Organization\",\"@id\":\"https:\\\/\\\/www.garcia-avocat-paris.fr\\\/licenciement\\\/#organization\",\"name\":\"Cabinet SG Avocat\",\"url\":\"https:\\\/\\\/www.garcia-avocat-paris.fr\\\/licenciement\\\/\",\"logo\":{\"@type\":\"ImageObject\",\"inLanguage\":\"fr-FR\",\"@id\":\"https:\\\/\\\/www.garcia-avocat-paris.fr\\\/licenciement\\\/#\\\/schema\\\/logo\\\/image\\\/\",\"url\":\"https:\\\/\\\/www.garcia-avocat-paris.fr\\\/licenciement\\\/wp-content\\\/uploads\\\/2015\\\/03\\\/Logo-du-cabinet-sg-avocat.jpg\",\"contentUrl\":\"https:\\\/\\\/www.garcia-avocat-paris.fr\\\/licenciement\\\/wp-content\\\/uploads\\\/2015\\\/03\\\/Logo-du-cabinet-sg-avocat.jpg\",\"width\":75,\"height\":79,\"caption\":\"Cabinet SG Avocat\"},\"image\":{\"@id\":\"https:\\\/\\\/www.garcia-avocat-paris.fr\\\/licenciement\\\/#\\\/schema\\\/logo\\\/image\\\/\"},\"sameAs\":[\"https:\\\/\\\/www.facebook.com\\\/Cabinet.SG.Avocat.Paris\",\"https:\\\/\\\/x.com\\\/GarciaAvocat\",\"https:\\\/\\\/www.linkedin.com\\\/pub\\\/sarah-garcia\\\/69\\\/24\\\/12b\"]},{\"@type\":\"Person\",\"@id\":\"https:\\\/\\\/www.garcia-avocat-paris.fr\\\/licenciement\\\/#\\\/schema\\\/person\\\/05adcab2a318b965f3632de28b7a2ba6\",\"name\":\"Ma\u00eetre Sarah Garcia\",\"image\":{\"@type\":\"ImageObject\",\"inLanguage\":\"fr-FR\",\"@id\":\"https:\\\/\\\/secure.gravatar.com\\\/avatar\\\/815b85f978acf8e14c7618bc2b17b334b53c6606a959342bcce4f5ca7ce063e8?s=96&d=mm&r=g\",\"url\":\"https:\\\/\\\/secure.gravatar.com\\\/avatar\\\/815b85f978acf8e14c7618bc2b17b334b53c6606a959342bcce4f5ca7ce063e8?s=96&d=mm&r=g\",\"contentUrl\":\"https:\\\/\\\/secure.gravatar.com\\\/avatar\\\/815b85f978acf8e14c7618bc2b17b334b53c6606a959342bcce4f5ca7ce063e8?s=96&d=mm&r=g\",\"caption\":\"Ma\u00eetre Sarah Garcia\"},\"description\":\"Avocate au barreau de Paris, Ma\u00eetre Garcia est titulaire d\u2019un doctorat en droit priv\u00e9 ainsi qu'un DEA en droit des affaires et d'un DESS en droit des affaires et fiscalit\u00e9. Avocate en droit des soci\u00e9t\u00e9s, en droit du travail et Avocat CIL.\",\"sameAs\":[\"https:\\\/\\\/www.garcia-avocat-paris.fr\\\/licenciement\"]}]}<\/script>\n<!-- \/ Yoast SEO plugin. -->","yoast_head_json":{"title":"Covid-19: Demande d\u2019homologation d\u2019une rupture conventionnelle, les incidences Avocat Licenciement - Avocat Droit du Travail | Sarah GARCIA","robots":{"index":"index","follow":"follow","max-snippet":"max-snippet:-1","max-image-preview":"max-image-preview:large","max-video-preview":"max-video-preview:-1"},"canonical":"https:\/\/www.garcia-avocat-paris.fr\/licenciement\/covid-19-homologation-rupture-conventionnelle\/","og_locale":"fr_FR","og_type":"article","og_title":"Covid-19: Demande d\u2019homologation d\u2019une rupture conventionnelle, les incidences Avocat Licenciement - Avocat Droit du Travail | Sarah GARCIA","og_description":"Crise sanitaire li\u00e9e au COVID-19 et demande d\u2019homologation d\u2019une rupture conventionnelle : quelle incidence sur les d\u00e9lais. Pour permettre aux administrations\u00a0et\u00a0aux administr\u00e9s d\u2019adapter leur fonctionnement en temps de crise du coronavirus, l\u2019ordonnance 2020-306 du 25\u00a0mars 2020 relative \u00e0 la prorogation des d\u00e9lais \u00e9chus pendant la p\u00e9riode d\u2019urgence sanitaire et \u00e0 l\u2019adaptation des proc\u00e9dures pendant cette [&hellip;]","og_url":"https:\/\/www.garcia-avocat-paris.fr\/licenciement\/covid-19-homologation-rupture-conventionnelle\/","og_site_name":"Avocat Licenciement - Avocat Droit du Travail | Sarah GARCIA","article_publisher":"https:\/\/www.facebook.com\/Cabinet.SG.Avocat.Paris","article_published_time":"2020-05-08T10:40:17+00:00","article_modified_time":"2024-05-13T10:41:04+00:00","og_image":[{"width":450,"height":273,"url":"https:\/\/www.garcia-avocat-paris.fr\/licenciement\/wp-content\/uploads\/2020\/05\/contrat-de-travail-1.jpg","type":"image\/jpeg"}],"author":"Ma\u00eetre Sarah Garcia","twitter_card":"summary_large_image","twitter_creator":"@GarciaAvocat","twitter_site":"@GarciaAvocat","twitter_misc":{"\u00c9crit par":"Ma\u00eetre Sarah Garcia","Dur\u00e9e de lecture estim\u00e9e":"6 minutes"},"schema":{"@context":"https:\/\/schema.org","@graph":[{"@type":"Article","@id":"https:\/\/www.garcia-avocat-paris.fr\/licenciement\/covid-19-homologation-rupture-conventionnelle\/#article","isPartOf":{"@id":"https:\/\/www.garcia-avocat-paris.fr\/licenciement\/covid-19-homologation-rupture-conventionnelle\/"},"author":{"name":"Ma\u00eetre Sarah Garcia","@id":"https:\/\/www.garcia-avocat-paris.fr\/licenciement\/#\/schema\/person\/05adcab2a318b965f3632de28b7a2ba6"},"headline":"Covid-19: Demande d\u2019homologation d\u2019une rupture conventionnelle, les incidences","datePublished":"2020-05-08T10:40:17+00:00","dateModified":"2024-05-13T10:41:04+00:00","mainEntityOfPage":{"@id":"https:\/\/www.garcia-avocat-paris.fr\/licenciement\/covid-19-homologation-rupture-conventionnelle\/"},"wordCount":1076,"publisher":{"@id":"https:\/\/www.garcia-avocat-paris.fr\/licenciement\/#organization"},"image":{"@id":"https:\/\/www.garcia-avocat-paris.fr\/licenciement\/covid-19-homologation-rupture-conventionnelle\/#primaryimage"},"thumbnailUrl":"https:\/\/www.garcia-avocat-paris.fr\/licenciement\/wp-content\/uploads\/2020\/05\/contrat-de-travail-1.jpg","keywords":["homologation","rupture conventionnelle"],"articleSection":["droit du travail"],"inLanguage":"fr-FR"},{"@type":"WebPage","@id":"https:\/\/www.garcia-avocat-paris.fr\/licenciement\/covid-19-homologation-rupture-conventionnelle\/","url":"https:\/\/www.garcia-avocat-paris.fr\/licenciement\/covid-19-homologation-rupture-conventionnelle\/","name":"Covid-19: Demande d\u2019homologation d\u2019une rupture conventionnelle, les incidences Avocat Licenciement - Avocat Droit du Travail | Sarah GARCIA","isPartOf":{"@id":"https:\/\/www.garcia-avocat-paris.fr\/licenciement\/#website"},"primaryImageOfPage":{"@id":"https:\/\/www.garcia-avocat-paris.fr\/licenciement\/covid-19-homologation-rupture-conventionnelle\/#primaryimage"},"image":{"@id":"https:\/\/www.garcia-avocat-paris.fr\/licenciement\/covid-19-homologation-rupture-conventionnelle\/#primaryimage"},"thumbnailUrl":"https:\/\/www.garcia-avocat-paris.fr\/licenciement\/wp-content\/uploads\/2020\/05\/contrat-de-travail-1.jpg","datePublished":"2020-05-08T10:40:17+00:00","dateModified":"2024-05-13T10:41:04+00:00","breadcrumb":{"@id":"https:\/\/www.garcia-avocat-paris.fr\/licenciement\/covid-19-homologation-rupture-conventionnelle\/#breadcrumb"},"inLanguage":"fr-FR","potentialAction":[{"@type":"ReadAction","target":["https:\/\/www.garcia-avocat-paris.fr\/licenciement\/covid-19-homologation-rupture-conventionnelle\/"]}]},{"@type":"ImageObject","inLanguage":"fr-FR","@id":"https:\/\/www.garcia-avocat-paris.fr\/licenciement\/covid-19-homologation-rupture-conventionnelle\/#primaryimage","url":"https:\/\/www.garcia-avocat-paris.fr\/licenciement\/wp-content\/uploads\/2020\/05\/contrat-de-travail-1.jpg","contentUrl":"https:\/\/www.garcia-avocat-paris.fr\/licenciement\/wp-content\/uploads\/2020\/05\/contrat-de-travail-1.jpg","width":450,"height":273,"caption":"promesse de contrat p\u00e9riode covid-19"},{"@type":"BreadcrumbList","@id":"https:\/\/www.garcia-avocat-paris.fr\/licenciement\/covid-19-homologation-rupture-conventionnelle\/#breadcrumb","itemListElement":[{"@type":"ListItem","position":1,"name":"Accueil","item":"https:\/\/www.garcia-avocat-paris.fr\/licenciement\/"},{"@type":"ListItem","position":2,"name":"homologation","item":"https:\/\/www.garcia-avocat-paris.fr\/licenciement\/tag\/homologation\/"},{"@type":"ListItem","position":3,"name":"Covid-19: Demande d\u2019homologation d\u2019une rupture conventionnelle, les incidences"}]},{"@type":"WebSite","@id":"https:\/\/www.garcia-avocat-paris.fr\/licenciement\/#website","url":"https:\/\/www.garcia-avocat-paris.fr\/licenciement\/","name":"Avocat Licenciement - Avocat Droit du Travail | Sarah GARCIA","description":"Avocat du Travail Paris - Le Blog","publisher":{"@id":"https:\/\/www.garcia-avocat-paris.fr\/licenciement\/#organization"},"potentialAction":[{"@type":"SearchAction","target":{"@type":"EntryPoint","urlTemplate":"https:\/\/www.garcia-avocat-paris.fr\/licenciement\/?s={search_term_string}"},"query-input":{"@type":"PropertyValueSpecification","valueRequired":true,"valueName":"search_term_string"}}],"inLanguage":"fr-FR"},{"@type":"Organization","@id":"https:\/\/www.garcia-avocat-paris.fr\/licenciement\/#organization","name":"Cabinet SG Avocat","url":"https:\/\/www.garcia-avocat-paris.fr\/licenciement\/","logo":{"@type":"ImageObject","inLanguage":"fr-FR","@id":"https:\/\/www.garcia-avocat-paris.fr\/licenciement\/#\/schema\/logo\/image\/","url":"https:\/\/www.garcia-avocat-paris.fr\/licenciement\/wp-content\/uploads\/2015\/03\/Logo-du-cabinet-sg-avocat.jpg","contentUrl":"https:\/\/www.garcia-avocat-paris.fr\/licenciement\/wp-content\/uploads\/2015\/03\/Logo-du-cabinet-sg-avocat.jpg","width":75,"height":79,"caption":"Cabinet SG Avocat"},"image":{"@id":"https:\/\/www.garcia-avocat-paris.fr\/licenciement\/#\/schema\/logo\/image\/"},"sameAs":["https:\/\/www.facebook.com\/Cabinet.SG.Avocat.Paris","https:\/\/x.com\/GarciaAvocat","https:\/\/www.linkedin.com\/pub\/sarah-garcia\/69\/24\/12b"]},{"@type":"Person","@id":"https:\/\/www.garcia-avocat-paris.fr\/licenciement\/#\/schema\/person\/05adcab2a318b965f3632de28b7a2ba6","name":"Ma\u00eetre Sarah Garcia","image":{"@type":"ImageObject","inLanguage":"fr-FR","@id":"https:\/\/secure.gravatar.com\/avatar\/815b85f978acf8e14c7618bc2b17b334b53c6606a959342bcce4f5ca7ce063e8?s=96&d=mm&r=g","url":"https:\/\/secure.gravatar.com\/avatar\/815b85f978acf8e14c7618bc2b17b334b53c6606a959342bcce4f5ca7ce063e8?s=96&d=mm&r=g","contentUrl":"https:\/\/secure.gravatar.com\/avatar\/815b85f978acf8e14c7618bc2b17b334b53c6606a959342bcce4f5ca7ce063e8?s=96&d=mm&r=g","caption":"Ma\u00eetre Sarah Garcia"},"description":"Avocate au barreau de Paris, Ma\u00eetre Garcia est titulaire d\u2019un doctorat en droit priv\u00e9 ainsi qu'un DEA en droit des affaires et d'un DESS en droit des affaires et fiscalit\u00e9. Avocate en droit des soci\u00e9t\u00e9s, en droit du travail et Avocat CIL.","sameAs":["https:\/\/www.garcia-avocat-paris.fr\/licenciement"]}]}},"views":29,"_links":{"self":[{"href":"https:\/\/www.garcia-avocat-paris.fr\/licenciement\/wp-json\/wp\/v2\/posts\/25905","targetHints":{"allow":["GET"]}}],"collection":[{"href":"https:\/\/www.garcia-avocat-paris.fr\/licenciement\/wp-json\/wp\/v2\/posts"}],"about":[{"href":"https:\/\/www.garcia-avocat-paris.fr\/licenciement\/wp-json\/wp\/v2\/types\/post"}],"author":[{"embeddable":true,"href":"https:\/\/www.garcia-avocat-paris.fr\/licenciement\/wp-json\/wp\/v2\/users\/3"}],"replies":[{"embeddable":true,"href":"https:\/\/www.garcia-avocat-paris.fr\/licenciement\/wp-json\/wp\/v2\/comments?post=25905"}],"version-history":[{"count":0,"href":"https:\/\/www.garcia-avocat-paris.fr\/licenciement\/wp-json\/wp\/v2\/posts\/25905\/revisions"}],"wp:featuredmedia":[{"embeddable":true,"href":"https:\/\/www.garcia-avocat-paris.fr\/licenciement\/wp-json\/wp\/v2\/media\/24899"}],"wp:attachment":[{"href":"https:\/\/www.garcia-avocat-paris.fr\/licenciement\/wp-json\/wp\/v2\/media?parent=25905"}],"wp:term":[{"taxonomy":"category","embeddable":true,"href":"https:\/\/www.garcia-avocat-paris.fr\/licenciement\/wp-json\/wp\/v2\/categories?post=25905"},{"taxonomy":"post_tag","embeddable":true,"href":"https:\/\/www.garcia-avocat-paris.fr\/licenciement\/wp-json\/wp\/v2\/tags?post=25905"}],"curies":[{"name":"wp","href":"https:\/\/api.w.org\/{rel}","templated":true}]}}