{"id":25750,"date":"2023-02-17T11:47:13","date_gmt":"2023-02-17T10:47:13","guid":{"rendered":"https:\/\/www.garcia-avocat-paris.fr\/licenciement\/?p=25750"},"modified":"2024-03-28T12:22:26","modified_gmt":"2024-03-28T11:22:26","slug":"astreinte-ou-permanence-sagit-il-dun-temps-de-travail-effectif","status":"publish","type":"post","link":"https:\/\/www.garcia-avocat-paris.fr\/licenciement\/astreinte-ou-permanence-sagit-il-dun-temps-de-travail-effectif\/","title":{"rendered":"Astreinte ou permanence ? S\u2019agit-il d\u2019un temps de travail effectif\u00a0?"},"content":{"rendered":"\n<p>La Cour de cassation dans un arr\u00eat du 26 octobre 2022 (<a href=\"https:\/\/www.courdecassation.fr\/decision\/6358d00a99f67905a719f96b\" target=\"_blank\" rel=\"nofollow noopener\">Cour de cassation, Pourvoi n\u00b0 21-14.178<\/a>) apporte un \u00e9clairage sur ce point \u00e0 travers sa d\u00e9cision.<\/p>\n<h2><strong><u>1. Les faits et la proc\u00e9dure<img decoding=\"async\" class=\"alignright size-thumbnail wp-image-25754\" src=\"https:\/\/www.garcia-avocat-paris.fr\/licenciement\/wp-content\/uploads\/2023\/02\/astreint-ou-permanence-150x150.jpg\" alt=\"Astreint ou permanence\" width=\"150\" height=\"150\" srcset=\"https:\/\/www.garcia-avocat-paris.fr\/licenciement\/wp-content\/uploads\/2023\/02\/astreint-ou-permanence-150x150.jpg 150w, https:\/\/www.garcia-avocat-paris.fr\/licenciement\/wp-content\/uploads\/2023\/02\/astreint-ou-permanence-267x267.jpg 267w, https:\/\/www.garcia-avocat-paris.fr\/licenciement\/wp-content\/uploads\/2023\/02\/astreint-ou-permanence-100x100.jpg 100w\" sizes=\"(max-width: 150px) 100vw, 150px\" \/><\/u><\/strong><\/h2>\n<p style=\"text-align: justify;\">Un salari\u00e9 a \u00e9t\u00e9 engag\u00e9 \u00e0 compter du 12 d\u00e9cembre 1988 comme d\u00e9panneur par la soci\u00e9t\u00e9 qui exerce une activit\u00e9 de d\u00e9pannage de v\u00e9hicules \u00e0 la demande des particuliers, des professionnels ainsi que des compagnies d&#8217;assurance et d&#8217;assistance et assure une permanence pour intervenir sur une portion d\u00e9limit\u00e9e d&#8217;autoroute.<\/p>\n<p style=\"text-align: justify;\">Les parties \u00e9taient convenues d&#8217;une r\u00e9mun\u00e9ration mensuelle brute de 1 782,63 euros et du paiement des heures suppl\u00e9mentaires et repos compensateurs au moyen d&#8217;une commission de 10 % du chiffre d&#8217;affaires du d\u00e9pannage poids-lourds et d&#8217;une commission de 20 % du chiffre d&#8217;affaires du d\u00e9pannage v\u00e9hicules l\u00e9gers, pour les interventions r\u00e9alis\u00e9es en dehors des horaires d&#8217;ouverture de l&#8217;entreprise.<\/p>\n<p>Le 10 d\u00e9cembre 2015, le salari\u00e9 a saisi la juridiction prud&#8217;homale de demandes en r\u00e9siliation judiciaire du contrat de travail et en paiement de diverses sommes.<\/p>\n<p>Le salari\u00e9 a \u00e9t\u00e9 licenci\u00e9 le 27 juin 2017.<\/p>\n<p>La Cour d\u2019appel d\u00e9boute le salari\u00e9 de toutes ses demandes.<\/p>\n<p>Le salari\u00e9 forme un pourvoi en cassation.<\/p>\n<h2><strong><u>2. La r\u00e9ponse de la Cour de cassation<\/u><\/strong><\/h2>\n<p>La Cour de cassation casse l\u2019arr\u00eat de la Cour d\u2019appel.<\/p>\n<p>Elle se fonde sur les dispositions suivantes\u00a0:<\/p>\n<ol>\n<li style=\"text-align: justify;\">Article L. 3121-1 du Code du travail : la dur\u00e9e du travail effectif est le temps pendant lequel le salari\u00e9 est \u00e0 la disposition de l\u2019employeur et se conforme \u00e0 ses directives sans pouvoir vaquer librement \u00e0 des occupations personnelles.<\/li>\n<\/ol>\n<p style=\"text-align: justify;\">\u00a0<\/p>\n<ol style=\"text-align: justify;\" start=\"2\">\n<li>Article L. 3121-5 du m\u00eame code, dans sa r\u00e9daction ant\u00e9rieure \u00e0 la loi n\u00b0\u00a02016-1088 du\u00a08\u00a0ao\u00fbt\u00a02016, constitue au contraire une astreinte la p\u00e9riode pendant laquelle le salari\u00e9, sans \u00eatre sur son lieu de travail et sans \u00eatre \u00e0 la disposition permanente et imm\u00e9diate de l\u2019employeur, doit \u00eatre en mesure d\u2019intervenir pour effectuer un travail au service de l\u2019entreprise, la dur\u00e9e de cette intervention \u00e9tant consid\u00e9r\u00e9e comme un temps de travail effectif.<\/li>\n<\/ol>\n<p style=\"text-align: justify;\">\u00a0<\/p>\n<ol style=\"text-align: justify;\" start=\"3\">\n<li>La CJUE juge que rel\u00e8ve de la notion de \u00ab\u00a0temps de travail effectif\u00a0\u00bb, au sens de la directive\u00a02003\/88, l\u2019int\u00e9gralit\u00e9 des p\u00e9riodes de garde, y compris celles sous r\u00e9gime d\u2019astreinte, au cours desquelles les contraintes impos\u00e9es au travailleur sont d\u2019une nature telle qu\u2019elles affectent objectivement et tr\u00e8s significativement la facult\u00e9, pour ce dernier, de g\u00e9rer librement, au cours de ces p\u00e9riodes, le temps pendant lequel ses services professionnels ne sont pas sollicit\u00e9s et de consacrer ce temps \u00e0 ses propres int\u00e9r\u00eats.<\/li>\n<\/ol>\n<p>\u00a0<\/p>\n<p style=\"text-align: justify;\">Inversement, lorsque les contraintes impos\u00e9es au travailleur au cours d\u2019une p\u00e9riode de garde d\u00e9termin\u00e9e n\u2019atteignent pas un tel degr\u00e9 d\u2019intensit\u00e9 et lui permettent de g\u00e9rer son temps et de se consacrer \u00e0 ses propres int\u00e9r\u00eats sans contraintes majeures, seul le temps li\u00e9 \u00e0 la prestation de travail qui est, le cas \u00e9ch\u00e9ant, effectivement r\u00e9alis\u00e9e au cours d\u2019une telle p\u00e9riode constitue du temps de travail (CJUE, 9\u00a0mars\u00a02021, n\u00b0\u00a0C-344\/19).<\/p>\n<p style=\"text-align: justify;\">Or, pour d\u00e9bouter le salari\u00e9 de ses demandes \u00e0 titre d&#8217;heures suppl\u00e9mentaires, la cour d\u2019appel retient que, conform\u00e9ment aux dispositions de la convention collective applicable, les d\u00e9panneurs de la soci\u00e9t\u00e9 \u00e9taient tenus de se tenir en permanence ou \u00e0 proximit\u00e9 imm\u00e9diate des ou dans les locaux de l&#8217;entreprise, en dehors des heures et jours d&#8217;ouverture, afin de r\u00e9pondre sans d\u00e9lai \u00e0 toute demande d&#8217;intervention. L&#8217;arr\u00eat ajoute qu&#8217;il \u00e9tait constitu\u00e9 des \u00e9quipes de trois ou quatre d\u00e9panneurs, munis d&#8217;un t\u00e9l\u00e9phone qui intervenaient \u00e0 la demande du dispatcheur, lequel contrairement aux autres salari\u00e9s, \u00e9tait sp\u00e9cialement affect\u00e9 \u00e0 la r\u00e9ception continue des appels d&#8217;urgence. La Cour d\u2019appel en d\u00e9duit que ces p\u00e9riodes \u00e9taient des astreintes et non pas des permanences constituant un temps de travail effectif.<\/p>\n<p style=\"text-align: justify;\">En se d\u00e9terminant ainsi, alors que le salari\u00e9 invoquait le court d\u00e9lai d&#8217;intervention qui lui \u00e9tait imparti pour se rendre sur place apr\u00e8s l&#8217;appel de l&#8217;usager, sans v\u00e9rifier si le salari\u00e9 avait \u00e9t\u00e9 soumis, au cours de ses p\u00e9riodes d&#8217;astreinte, \u00e0 des contraintes d&#8217;une intensit\u00e9 telle qu&#8217;elles avaient affect\u00e9, objectivement et tr\u00e8s significativement, sa facult\u00e9 de g\u00e9rer librement, au cours de ces p\u00e9riodes, le temps pendant lequel ses services professionnels n&#8217;\u00e9taient pas sollicit\u00e9s et de vaquer \u00e0 des occupations personnelles, la cour d&#8217;appel a priv\u00e9 sa d\u00e9cision de base l\u00e9gale. Sources :<\/p>\n<ul>\n<li><a href=\"https:\/\/www.courdecassation.fr\/decision\/6358d00a99f67905a719f96b?judilibre_juridiction=cc&amp;judilibre_chambre%5B0%5D=soc&amp;previousdecisionpage=0&amp;previousdecisionindex=4&amp;nextdecisionpage=0&amp;nextdecisionindex=6\">Cass. soc., 26 oct. 2022, n\u00b0 21-14178 <\/a><\/li>\n<\/ul>\n","protected":false},"excerpt":{"rendered":"<p>La Cour de cassation dans un arr\u00eat du 26 octobre 2022 (Cour de cassation, Pourvoi n\u00b0 21-14.178) apporte un \u00e9clairage sur ce point \u00e0 travers sa d\u00e9cision. 1. Les faits et la proc\u00e9dure Un salari\u00e9 a \u00e9t\u00e9 engag\u00e9 \u00e0 compter du 12 d\u00e9cembre 1988 comme d\u00e9panneur par la soci\u00e9t\u00e9 qui exerce une activit\u00e9 de d\u00e9pannage [&hellip;]<\/p>\n","protected":false},"author":3,"featured_media":25753,"comment_status":"closed","ping_status":"open","sticky":false,"template":"","format":"standard","meta":{"inline_featured_image":false,"footnotes":""},"categories":[3],"tags":[212,211],"class_list":["post-25750","post","type-post","status-publish","format-standard","has-post-thumbnail","hentry","category-droit-du-travail","tag-astreinte","tag-temps-de-travail"],"yoast_head":"<!-- This site is optimized with the Yoast SEO plugin v27.4 - https:\/\/yoast.com\/product\/yoast-seo-wordpress\/ -->\n<title>Astreinte ou permanence ? S\u2019agit-il d\u2019un temps de travail effectif\u00a0?<\/title>\n<meta name=\"description\" content=\"La Cour de cassation dans un arr\u00eat du 26 octobre 2022 (Cour de cassation, Pourvoi n\u00b0 21-14.178) apporte un \u00e9clairage sur ce point \u00e0 travers sa d\u00e9cision.\" \/>\n<meta name=\"robots\" content=\"index, follow, max-snippet:-1, max-image-preview:large, max-video-preview:-1\" \/>\n<link rel=\"canonical\" href=\"https:\/\/www.garcia-avocat-paris.fr\/licenciement\/astreinte-ou-permanence-sagit-il-dun-temps-de-travail-effectif\/\" \/>\n<meta property=\"og:locale\" content=\"fr_FR\" \/>\n<meta property=\"og:type\" content=\"article\" \/>\n<meta property=\"og:title\" content=\"Astreinte ou permanence ? S\u2019agit-il d\u2019un temps de travail effectif\u00a0?\" \/>\n<meta property=\"og:description\" content=\"La Cour de cassation dans un arr\u00eat du 26 octobre 2022 (Cour de cassation, Pourvoi n\u00b0 21-14.178) apporte un \u00e9clairage sur ce point \u00e0 travers sa d\u00e9cision.\" \/>\n<meta property=\"og:url\" content=\"https:\/\/www.garcia-avocat-paris.fr\/licenciement\/astreinte-ou-permanence-sagit-il-dun-temps-de-travail-effectif\/\" \/>\n<meta property=\"og:site_name\" content=\"Avocat Licenciement - Avocat Droit du Travail | Sarah GARCIA\" \/>\n<meta property=\"article:publisher\" content=\"https:\/\/www.facebook.com\/Cabinet.SG.Avocat.Paris\" \/>\n<meta property=\"article:published_time\" content=\"2023-02-17T10:47:13+00:00\" \/>\n<meta property=\"article:modified_time\" content=\"2024-03-28T11:22:26+00:00\" \/>\n<meta property=\"og:image\" content=\"https:\/\/www.garcia-avocat-paris.fr\/licenciement\/wp-content\/uploads\/2023\/02\/cour-de-cassation-travail-effectif.png\" \/>\n\t<meta property=\"og:image:width\" content=\"1024\" \/>\n\t<meta property=\"og:image:height\" content=\"621\" \/>\n\t<meta property=\"og:image:type\" content=\"image\/png\" \/>\n<meta name=\"author\" content=\"Ma\u00eetre Sarah Garcia\" \/>\n<meta name=\"twitter:card\" content=\"summary_large_image\" \/>\n<meta name=\"twitter:creator\" content=\"@GarciaAvocat\" \/>\n<meta name=\"twitter:site\" content=\"@GarciaAvocat\" \/>\n<meta name=\"twitter:label1\" content=\"\u00c9crit par\" \/>\n\t<meta name=\"twitter:data1\" content=\"Ma\u00eetre Sarah Garcia\" \/>\n\t<meta name=\"twitter:label2\" content=\"Dur\u00e9e de lecture estim\u00e9e\" \/>\n\t<meta name=\"twitter:data2\" content=\"4 minutes\" \/>\n<script type=\"application\/ld+json\" class=\"yoast-schema-graph\">{\"@context\":\"https:\\\/\\\/schema.org\",\"@graph\":[{\"@type\":\"Article\",\"@id\":\"https:\\\/\\\/www.garcia-avocat-paris.fr\\\/licenciement\\\/astreinte-ou-permanence-sagit-il-dun-temps-de-travail-effectif\\\/#article\",\"isPartOf\":{\"@id\":\"https:\\\/\\\/www.garcia-avocat-paris.fr\\\/licenciement\\\/astreinte-ou-permanence-sagit-il-dun-temps-de-travail-effectif\\\/\"},\"author\":{\"name\":\"Ma\u00eetre Sarah Garcia\",\"@id\":\"https:\\\/\\\/www.garcia-avocat-paris.fr\\\/licenciement\\\/#\\\/schema\\\/person\\\/05adcab2a318b965f3632de28b7a2ba6\"},\"headline\":\"Astreinte ou permanence ? S\u2019agit-il d\u2019un temps de travail effectif\u00a0?\",\"datePublished\":\"2023-02-17T10:47:13+00:00\",\"dateModified\":\"2024-03-28T11:22:26+00:00\",\"mainEntityOfPage\":{\"@id\":\"https:\\\/\\\/www.garcia-avocat-paris.fr\\\/licenciement\\\/astreinte-ou-permanence-sagit-il-dun-temps-de-travail-effectif\\\/\"},\"wordCount\":800,\"publisher\":{\"@id\":\"https:\\\/\\\/www.garcia-avocat-paris.fr\\\/licenciement\\\/#organization\"},\"image\":{\"@id\":\"https:\\\/\\\/www.garcia-avocat-paris.fr\\\/licenciement\\\/astreinte-ou-permanence-sagit-il-dun-temps-de-travail-effectif\\\/#primaryimage\"},\"thumbnailUrl\":\"https:\\\/\\\/www.garcia-avocat-paris.fr\\\/licenciement\\\/wp-content\\\/uploads\\\/2023\\\/02\\\/cour-de-cassation-travail-effectif.png\",\"keywords\":[\"astreinte\",\"Temps de travail\"],\"articleSection\":[\"droit du travail\"],\"inLanguage\":\"fr-FR\"},{\"@type\":\"WebPage\",\"@id\":\"https:\\\/\\\/www.garcia-avocat-paris.fr\\\/licenciement\\\/astreinte-ou-permanence-sagit-il-dun-temps-de-travail-effectif\\\/\",\"url\":\"https:\\\/\\\/www.garcia-avocat-paris.fr\\\/licenciement\\\/astreinte-ou-permanence-sagit-il-dun-temps-de-travail-effectif\\\/\",\"name\":\"Astreinte ou permanence ? S\u2019agit-il d\u2019un temps de travail effectif\u00a0?\",\"isPartOf\":{\"@id\":\"https:\\\/\\\/www.garcia-avocat-paris.fr\\\/licenciement\\\/#website\"},\"primaryImageOfPage\":{\"@id\":\"https:\\\/\\\/www.garcia-avocat-paris.fr\\\/licenciement\\\/astreinte-ou-permanence-sagit-il-dun-temps-de-travail-effectif\\\/#primaryimage\"},\"image\":{\"@id\":\"https:\\\/\\\/www.garcia-avocat-paris.fr\\\/licenciement\\\/astreinte-ou-permanence-sagit-il-dun-temps-de-travail-effectif\\\/#primaryimage\"},\"thumbnailUrl\":\"https:\\\/\\\/www.garcia-avocat-paris.fr\\\/licenciement\\\/wp-content\\\/uploads\\\/2023\\\/02\\\/cour-de-cassation-travail-effectif.png\",\"datePublished\":\"2023-02-17T10:47:13+00:00\",\"dateModified\":\"2024-03-28T11:22:26+00:00\",\"description\":\"La Cour de cassation dans un arr\u00eat du 26 octobre 2022 (Cour de cassation, Pourvoi n\u00b0 21-14.178) apporte un \u00e9clairage sur ce point \u00e0 travers sa d\u00e9cision.\",\"breadcrumb\":{\"@id\":\"https:\\\/\\\/www.garcia-avocat-paris.fr\\\/licenciement\\\/astreinte-ou-permanence-sagit-il-dun-temps-de-travail-effectif\\\/#breadcrumb\"},\"inLanguage\":\"fr-FR\",\"potentialAction\":[{\"@type\":\"ReadAction\",\"target\":[\"https:\\\/\\\/www.garcia-avocat-paris.fr\\\/licenciement\\\/astreinte-ou-permanence-sagit-il-dun-temps-de-travail-effectif\\\/\"]}]},{\"@type\":\"ImageObject\",\"inLanguage\":\"fr-FR\",\"@id\":\"https:\\\/\\\/www.garcia-avocat-paris.fr\\\/licenciement\\\/astreinte-ou-permanence-sagit-il-dun-temps-de-travail-effectif\\\/#primaryimage\",\"url\":\"https:\\\/\\\/www.garcia-avocat-paris.fr\\\/licenciement\\\/wp-content\\\/uploads\\\/2023\\\/02\\\/cour-de-cassation-travail-effectif.png\",\"contentUrl\":\"https:\\\/\\\/www.garcia-avocat-paris.fr\\\/licenciement\\\/wp-content\\\/uploads\\\/2023\\\/02\\\/cour-de-cassation-travail-effectif.png\",\"width\":1024,\"height\":621,\"caption\":\"Cour de cassation: Astreinte ou permanence, travail effectif ?\"},{\"@type\":\"BreadcrumbList\",\"@id\":\"https:\\\/\\\/www.garcia-avocat-paris.fr\\\/licenciement\\\/astreinte-ou-permanence-sagit-il-dun-temps-de-travail-effectif\\\/#breadcrumb\",\"itemListElement\":[{\"@type\":\"ListItem\",\"position\":1,\"name\":\"Accueil\",\"item\":\"https:\\\/\\\/www.garcia-avocat-paris.fr\\\/licenciement\\\/\"},{\"@type\":\"ListItem\",\"position\":2,\"name\":\"astreinte\",\"item\":\"https:\\\/\\\/www.garcia-avocat-paris.fr\\\/licenciement\\\/tag\\\/astreinte\\\/\"},{\"@type\":\"ListItem\",\"position\":3,\"name\":\"Astreinte ou permanence ? S\u2019agit-il d\u2019un temps de travail effectif\u00a0?\"}]},{\"@type\":\"WebSite\",\"@id\":\"https:\\\/\\\/www.garcia-avocat-paris.fr\\\/licenciement\\\/#website\",\"url\":\"https:\\\/\\\/www.garcia-avocat-paris.fr\\\/licenciement\\\/\",\"name\":\"Avocat Licenciement - Avocat Droit du Travail | Sarah GARCIA\",\"description\":\"Avocat du Travail Paris - Le Blog\",\"publisher\":{\"@id\":\"https:\\\/\\\/www.garcia-avocat-paris.fr\\\/licenciement\\\/#organization\"},\"potentialAction\":[{\"@type\":\"SearchAction\",\"target\":{\"@type\":\"EntryPoint\",\"urlTemplate\":\"https:\\\/\\\/www.garcia-avocat-paris.fr\\\/licenciement\\\/?s={search_term_string}\"},\"query-input\":{\"@type\":\"PropertyValueSpecification\",\"valueRequired\":true,\"valueName\":\"search_term_string\"}}],\"inLanguage\":\"fr-FR\"},{\"@type\":\"Organization\",\"@id\":\"https:\\\/\\\/www.garcia-avocat-paris.fr\\\/licenciement\\\/#organization\",\"name\":\"Cabinet SG Avocat\",\"url\":\"https:\\\/\\\/www.garcia-avocat-paris.fr\\\/licenciement\\\/\",\"logo\":{\"@type\":\"ImageObject\",\"inLanguage\":\"fr-FR\",\"@id\":\"https:\\\/\\\/www.garcia-avocat-paris.fr\\\/licenciement\\\/#\\\/schema\\\/logo\\\/image\\\/\",\"url\":\"https:\\\/\\\/www.garcia-avocat-paris.fr\\\/licenciement\\\/wp-content\\\/uploads\\\/2015\\\/03\\\/Logo-du-cabinet-sg-avocat.jpg\",\"contentUrl\":\"https:\\\/\\\/www.garcia-avocat-paris.fr\\\/licenciement\\\/wp-content\\\/uploads\\\/2015\\\/03\\\/Logo-du-cabinet-sg-avocat.jpg\",\"width\":75,\"height\":79,\"caption\":\"Cabinet SG Avocat\"},\"image\":{\"@id\":\"https:\\\/\\\/www.garcia-avocat-paris.fr\\\/licenciement\\\/#\\\/schema\\\/logo\\\/image\\\/\"},\"sameAs\":[\"https:\\\/\\\/www.facebook.com\\\/Cabinet.SG.Avocat.Paris\",\"https:\\\/\\\/x.com\\\/GarciaAvocat\",\"https:\\\/\\\/www.linkedin.com\\\/pub\\\/sarah-garcia\\\/69\\\/24\\\/12b\"]},{\"@type\":\"Person\",\"@id\":\"https:\\\/\\\/www.garcia-avocat-paris.fr\\\/licenciement\\\/#\\\/schema\\\/person\\\/05adcab2a318b965f3632de28b7a2ba6\",\"name\":\"Ma\u00eetre Sarah Garcia\",\"image\":{\"@type\":\"ImageObject\",\"inLanguage\":\"fr-FR\",\"@id\":\"https:\\\/\\\/secure.gravatar.com\\\/avatar\\\/815b85f978acf8e14c7618bc2b17b334b53c6606a959342bcce4f5ca7ce063e8?s=96&d=mm&r=g\",\"url\":\"https:\\\/\\\/secure.gravatar.com\\\/avatar\\\/815b85f978acf8e14c7618bc2b17b334b53c6606a959342bcce4f5ca7ce063e8?s=96&d=mm&r=g\",\"contentUrl\":\"https:\\\/\\\/secure.gravatar.com\\\/avatar\\\/815b85f978acf8e14c7618bc2b17b334b53c6606a959342bcce4f5ca7ce063e8?s=96&d=mm&r=g\",\"caption\":\"Ma\u00eetre Sarah Garcia\"},\"description\":\"Avocate au barreau de Paris, Ma\u00eetre Garcia est titulaire d\u2019un doctorat en droit priv\u00e9 ainsi qu'un DEA en droit des affaires et d'un DESS en droit des affaires et fiscalit\u00e9. Avocate en droit des soci\u00e9t\u00e9s, en droit du travail et Avocat CIL.\",\"sameAs\":[\"https:\\\/\\\/www.garcia-avocat-paris.fr\\\/licenciement\"]}]}<\/script>\n<!-- \/ Yoast SEO plugin. -->","yoast_head_json":{"title":"Astreinte ou permanence ? S\u2019agit-il d\u2019un temps de travail effectif\u00a0?","description":"La Cour de cassation dans un arr\u00eat du 26 octobre 2022 (Cour de cassation, Pourvoi n\u00b0 21-14.178) apporte un \u00e9clairage sur ce point \u00e0 travers sa d\u00e9cision.","robots":{"index":"index","follow":"follow","max-snippet":"max-snippet:-1","max-image-preview":"max-image-preview:large","max-video-preview":"max-video-preview:-1"},"canonical":"https:\/\/www.garcia-avocat-paris.fr\/licenciement\/astreinte-ou-permanence-sagit-il-dun-temps-de-travail-effectif\/","og_locale":"fr_FR","og_type":"article","og_title":"Astreinte ou permanence ? S\u2019agit-il d\u2019un temps de travail effectif\u00a0?","og_description":"La Cour de cassation dans un arr\u00eat du 26 octobre 2022 (Cour de cassation, Pourvoi n\u00b0 21-14.178) apporte un \u00e9clairage sur ce point \u00e0 travers sa d\u00e9cision.","og_url":"https:\/\/www.garcia-avocat-paris.fr\/licenciement\/astreinte-ou-permanence-sagit-il-dun-temps-de-travail-effectif\/","og_site_name":"Avocat Licenciement - Avocat Droit du Travail | Sarah GARCIA","article_publisher":"https:\/\/www.facebook.com\/Cabinet.SG.Avocat.Paris","article_published_time":"2023-02-17T10:47:13+00:00","article_modified_time":"2024-03-28T11:22:26+00:00","og_image":[{"width":1024,"height":621,"url":"https:\/\/www.garcia-avocat-paris.fr\/licenciement\/wp-content\/uploads\/2023\/02\/cour-de-cassation-travail-effectif.png","type":"image\/png"}],"author":"Ma\u00eetre Sarah Garcia","twitter_card":"summary_large_image","twitter_creator":"@GarciaAvocat","twitter_site":"@GarciaAvocat","twitter_misc":{"\u00c9crit par":"Ma\u00eetre Sarah Garcia","Dur\u00e9e de lecture estim\u00e9e":"4 minutes"},"schema":{"@context":"https:\/\/schema.org","@graph":[{"@type":"Article","@id":"https:\/\/www.garcia-avocat-paris.fr\/licenciement\/astreinte-ou-permanence-sagit-il-dun-temps-de-travail-effectif\/#article","isPartOf":{"@id":"https:\/\/www.garcia-avocat-paris.fr\/licenciement\/astreinte-ou-permanence-sagit-il-dun-temps-de-travail-effectif\/"},"author":{"name":"Ma\u00eetre Sarah Garcia","@id":"https:\/\/www.garcia-avocat-paris.fr\/licenciement\/#\/schema\/person\/05adcab2a318b965f3632de28b7a2ba6"},"headline":"Astreinte ou permanence ? S\u2019agit-il d\u2019un temps de travail effectif\u00a0?","datePublished":"2023-02-17T10:47:13+00:00","dateModified":"2024-03-28T11:22:26+00:00","mainEntityOfPage":{"@id":"https:\/\/www.garcia-avocat-paris.fr\/licenciement\/astreinte-ou-permanence-sagit-il-dun-temps-de-travail-effectif\/"},"wordCount":800,"publisher":{"@id":"https:\/\/www.garcia-avocat-paris.fr\/licenciement\/#organization"},"image":{"@id":"https:\/\/www.garcia-avocat-paris.fr\/licenciement\/astreinte-ou-permanence-sagit-il-dun-temps-de-travail-effectif\/#primaryimage"},"thumbnailUrl":"https:\/\/www.garcia-avocat-paris.fr\/licenciement\/wp-content\/uploads\/2023\/02\/cour-de-cassation-travail-effectif.png","keywords":["astreinte","Temps de travail"],"articleSection":["droit du travail"],"inLanguage":"fr-FR"},{"@type":"WebPage","@id":"https:\/\/www.garcia-avocat-paris.fr\/licenciement\/astreinte-ou-permanence-sagit-il-dun-temps-de-travail-effectif\/","url":"https:\/\/www.garcia-avocat-paris.fr\/licenciement\/astreinte-ou-permanence-sagit-il-dun-temps-de-travail-effectif\/","name":"Astreinte ou permanence ? S\u2019agit-il d\u2019un temps de travail effectif\u00a0?","isPartOf":{"@id":"https:\/\/www.garcia-avocat-paris.fr\/licenciement\/#website"},"primaryImageOfPage":{"@id":"https:\/\/www.garcia-avocat-paris.fr\/licenciement\/astreinte-ou-permanence-sagit-il-dun-temps-de-travail-effectif\/#primaryimage"},"image":{"@id":"https:\/\/www.garcia-avocat-paris.fr\/licenciement\/astreinte-ou-permanence-sagit-il-dun-temps-de-travail-effectif\/#primaryimage"},"thumbnailUrl":"https:\/\/www.garcia-avocat-paris.fr\/licenciement\/wp-content\/uploads\/2023\/02\/cour-de-cassation-travail-effectif.png","datePublished":"2023-02-17T10:47:13+00:00","dateModified":"2024-03-28T11:22:26+00:00","description":"La Cour de cassation dans un arr\u00eat du 26 octobre 2022 (Cour de cassation, Pourvoi n\u00b0 21-14.178) apporte un \u00e9clairage sur ce point \u00e0 travers sa d\u00e9cision.","breadcrumb":{"@id":"https:\/\/www.garcia-avocat-paris.fr\/licenciement\/astreinte-ou-permanence-sagit-il-dun-temps-de-travail-effectif\/#breadcrumb"},"inLanguage":"fr-FR","potentialAction":[{"@type":"ReadAction","target":["https:\/\/www.garcia-avocat-paris.fr\/licenciement\/astreinte-ou-permanence-sagit-il-dun-temps-de-travail-effectif\/"]}]},{"@type":"ImageObject","inLanguage":"fr-FR","@id":"https:\/\/www.garcia-avocat-paris.fr\/licenciement\/astreinte-ou-permanence-sagit-il-dun-temps-de-travail-effectif\/#primaryimage","url":"https:\/\/www.garcia-avocat-paris.fr\/licenciement\/wp-content\/uploads\/2023\/02\/cour-de-cassation-travail-effectif.png","contentUrl":"https:\/\/www.garcia-avocat-paris.fr\/licenciement\/wp-content\/uploads\/2023\/02\/cour-de-cassation-travail-effectif.png","width":1024,"height":621,"caption":"Cour de cassation: Astreinte ou permanence, travail effectif ?"},{"@type":"BreadcrumbList","@id":"https:\/\/www.garcia-avocat-paris.fr\/licenciement\/astreinte-ou-permanence-sagit-il-dun-temps-de-travail-effectif\/#breadcrumb","itemListElement":[{"@type":"ListItem","position":1,"name":"Accueil","item":"https:\/\/www.garcia-avocat-paris.fr\/licenciement\/"},{"@type":"ListItem","position":2,"name":"astreinte","item":"https:\/\/www.garcia-avocat-paris.fr\/licenciement\/tag\/astreinte\/"},{"@type":"ListItem","position":3,"name":"Astreinte ou permanence ? S\u2019agit-il d\u2019un temps de travail effectif\u00a0?"}]},{"@type":"WebSite","@id":"https:\/\/www.garcia-avocat-paris.fr\/licenciement\/#website","url":"https:\/\/www.garcia-avocat-paris.fr\/licenciement\/","name":"Avocat Licenciement - Avocat Droit du Travail | Sarah GARCIA","description":"Avocat du Travail Paris - Le Blog","publisher":{"@id":"https:\/\/www.garcia-avocat-paris.fr\/licenciement\/#organization"},"potentialAction":[{"@type":"SearchAction","target":{"@type":"EntryPoint","urlTemplate":"https:\/\/www.garcia-avocat-paris.fr\/licenciement\/?s={search_term_string}"},"query-input":{"@type":"PropertyValueSpecification","valueRequired":true,"valueName":"search_term_string"}}],"inLanguage":"fr-FR"},{"@type":"Organization","@id":"https:\/\/www.garcia-avocat-paris.fr\/licenciement\/#organization","name":"Cabinet SG Avocat","url":"https:\/\/www.garcia-avocat-paris.fr\/licenciement\/","logo":{"@type":"ImageObject","inLanguage":"fr-FR","@id":"https:\/\/www.garcia-avocat-paris.fr\/licenciement\/#\/schema\/logo\/image\/","url":"https:\/\/www.garcia-avocat-paris.fr\/licenciement\/wp-content\/uploads\/2015\/03\/Logo-du-cabinet-sg-avocat.jpg","contentUrl":"https:\/\/www.garcia-avocat-paris.fr\/licenciement\/wp-content\/uploads\/2015\/03\/Logo-du-cabinet-sg-avocat.jpg","width":75,"height":79,"caption":"Cabinet SG Avocat"},"image":{"@id":"https:\/\/www.garcia-avocat-paris.fr\/licenciement\/#\/schema\/logo\/image\/"},"sameAs":["https:\/\/www.facebook.com\/Cabinet.SG.Avocat.Paris","https:\/\/x.com\/GarciaAvocat","https:\/\/www.linkedin.com\/pub\/sarah-garcia\/69\/24\/12b"]},{"@type":"Person","@id":"https:\/\/www.garcia-avocat-paris.fr\/licenciement\/#\/schema\/person\/05adcab2a318b965f3632de28b7a2ba6","name":"Ma\u00eetre Sarah Garcia","image":{"@type":"ImageObject","inLanguage":"fr-FR","@id":"https:\/\/secure.gravatar.com\/avatar\/815b85f978acf8e14c7618bc2b17b334b53c6606a959342bcce4f5ca7ce063e8?s=96&d=mm&r=g","url":"https:\/\/secure.gravatar.com\/avatar\/815b85f978acf8e14c7618bc2b17b334b53c6606a959342bcce4f5ca7ce063e8?s=96&d=mm&r=g","contentUrl":"https:\/\/secure.gravatar.com\/avatar\/815b85f978acf8e14c7618bc2b17b334b53c6606a959342bcce4f5ca7ce063e8?s=96&d=mm&r=g","caption":"Ma\u00eetre Sarah Garcia"},"description":"Avocate au barreau de Paris, Ma\u00eetre Garcia est titulaire d\u2019un doctorat en droit priv\u00e9 ainsi qu'un DEA en droit des affaires et d'un DESS en droit des affaires et fiscalit\u00e9. Avocate en droit des soci\u00e9t\u00e9s, en droit du travail et Avocat CIL.","sameAs":["https:\/\/www.garcia-avocat-paris.fr\/licenciement"]}]}},"views":125,"_links":{"self":[{"href":"https:\/\/www.garcia-avocat-paris.fr\/licenciement\/wp-json\/wp\/v2\/posts\/25750","targetHints":{"allow":["GET"]}}],"collection":[{"href":"https:\/\/www.garcia-avocat-paris.fr\/licenciement\/wp-json\/wp\/v2\/posts"}],"about":[{"href":"https:\/\/www.garcia-avocat-paris.fr\/licenciement\/wp-json\/wp\/v2\/types\/post"}],"author":[{"embeddable":true,"href":"https:\/\/www.garcia-avocat-paris.fr\/licenciement\/wp-json\/wp\/v2\/users\/3"}],"replies":[{"embeddable":true,"href":"https:\/\/www.garcia-avocat-paris.fr\/licenciement\/wp-json\/wp\/v2\/comments?post=25750"}],"version-history":[{"count":0,"href":"https:\/\/www.garcia-avocat-paris.fr\/licenciement\/wp-json\/wp\/v2\/posts\/25750\/revisions"}],"wp:featuredmedia":[{"embeddable":true,"href":"https:\/\/www.garcia-avocat-paris.fr\/licenciement\/wp-json\/wp\/v2\/media\/25753"}],"wp:attachment":[{"href":"https:\/\/www.garcia-avocat-paris.fr\/licenciement\/wp-json\/wp\/v2\/media?parent=25750"}],"wp:term":[{"taxonomy":"category","embeddable":true,"href":"https:\/\/www.garcia-avocat-paris.fr\/licenciement\/wp-json\/wp\/v2\/categories?post=25750"},{"taxonomy":"post_tag","embeddable":true,"href":"https:\/\/www.garcia-avocat-paris.fr\/licenciement\/wp-json\/wp\/v2\/tags?post=25750"}],"curies":[{"name":"wp","href":"https:\/\/api.w.org\/{rel}","templated":true}]}}