{"id":1837,"date":"2017-11-17T12:43:43","date_gmt":"2017-11-17T10:43:43","guid":{"rendered":"https:\/\/www.garcia-avocat-paris.fr\/licenciement?p=1837"},"modified":"2018-05-27T11:57:34","modified_gmt":"2018-05-27T10:57:34","slug":"ordonnances-macron-penicaud","status":"publish","type":"post","link":"https:\/\/www.garcia-avocat-paris.fr\/licenciement\/ordonnances-macron-penicaud\/","title":{"rendered":"Pr\u00e9sentation ordonnances Macron &#8211; P\u00e9nicaud"},"content":{"rendered":"<div class=\"ead-preview\"><div class=\"ead-document\" style=\"position: relative;\"><div class=\"ead-iframe-wrapper\"><iframe src=\"\/\/docs.google.com\/viewer?url=https%3A%2F%2Fwww.garcia-avocat-paris.fr%2Flicenciement%2Fwp-content%2Fuploads%2F2017%2F11%2FPr%C3%A9sentation-ordonnances-Macron-P%C3%A9nicaud.pdf&amp;embedded=true&amp;hl=en\" title=\"Document embarqu\u00e9\" class=\"ead-iframe\" style=\"width: 100%;height: 150%;border: none;min-height: 500px;visibility: hidden;\"><\/iframe><\/div>\t\t\t<div class=\"ead-document-loading\" style=\"width:100%;height:100%;position:absolute;left:0;top:0;z-index:10;\">\n\t\t\t\t<div class=\"ead-loading-wrap\">\n\t\t\t\t\t<div class=\"ead-loading-main\">\n\t\t\t\t\t\t<div class=\"ead-loading\">\n\t\t\t\t\t\t\t<img decoding=\"async\" src=\"https:\/\/www.garcia-avocat-paris.fr\/licenciement\/wp-content\/plugins\/embed-any-document\/images\/loading.svg\" width=\"55\" height=\"55\" alt=\"Chargeur\">\n\t\t\t\t\t\t\t<span>En cours de chargement&hellip;<\/span>\n\t\t\t\t\t\t<\/div>\n\t\t\t\t\t<\/div>\n\t\t\t\t\t<div class=\"ead-loading-foot\">\n\t\t\t\t\t\t<div class=\"ead-loading-foot-title\">\n\t\t\t\t\t\t\t<img decoding=\"async\" src=\"https:\/\/www.garcia-avocat-paris.fr\/licenciement\/wp-content\/plugins\/embed-any-document\/images\/EAD-logo.svg\" alt=\"Logo EAD\" width=\"36\" height=\"23\"\/>\n\t\t\t\t\t\t\t<span>Cela prend trop de temps\u00a0?<\/span>\n\t\t\t\t\t\t<\/div>\n\t\t\t\t\t\t<p>\n\t\t\t\t\t\t\t<div class=\"ead-document-btn ead-reload-btn\" role=\"button\">\n\t\t\t\t\t\t\t\t<img decoding=\"async\" src=\"https:\/\/www.garcia-avocat-paris.fr\/licenciement\/wp-content\/plugins\/embed-any-document\/images\/reload.svg\" alt=\"Recharger\" width=\"12\" height=\"12\"\/> Recharger le document\t\t\t\t\t\t\t<\/div>\n\t\t\t\t\t\t\t<span>|<\/span>\n\t\t\t\t\t\t\t<a href=\"https:\/\/www.garcia-avocat-paris.fr\/licenciement\/wp-content\/uploads\/2017\/11\/Pr\u00e9sentation-ordonnances-Macron-P\u00e9nicaud.pdf\" class=\"ead-document-btn\" target=\"_blank\">\n\t\t\t\t\t\t\t\t<img decoding=\"async\" src=\"https:\/\/www.garcia-avocat-paris.fr\/licenciement\/wp-content\/plugins\/embed-any-document\/images\/open.svg\" alt=\"Ouvert\" width=\"12\" height=\"12\"\/> Ouvrir dans un nouvel onglet\t\t\t\t\t\t\t<\/a>\n\t\t\t\t\t<\/div>\n\t\t\t\t<\/div>\n\t\t\t<\/div>\n\t\t<\/div><\/div>\n","protected":false},"excerpt":{"rendered":"","protected":false},"author":6,"featured_media":1841,"comment_status":"open","ping_status":"open","sticky":false,"template":"","format":"standard","meta":{"inline_featured_image":false,"footnotes":""},"categories":[3],"tags":[101,100],"class_list":["post-1837","post","type-post","status-publish","format-standard","has-post-thumbnail","hentry","category-droit-du-travail","tag-loi-du-travail","tag-ordonnances"],"yoast_head":"<!-- This site is optimized with the Yoast SEO plugin v27.4 - https:\/\/yoast.com\/product\/yoast-seo-wordpress\/ -->\n<title>Pr\u00e9sentation ordonnances Macron - P\u00e9nicaud<\/title>\n<meta name=\"description\" content=\"Pr\u00e9sentation des 5 ordonnances Macron \u2013 Pernicaud, dite loi Travail 2\" \/>\n<meta name=\"robots\" content=\"index, follow, max-snippet:-1, max-image-preview:large, max-video-preview:-1\" \/>\n<link rel=\"canonical\" href=\"https:\/\/www.garcia-avocat-paris.fr\/licenciement\/ordonnances-macron-penicaud\/\" \/>\n<meta property=\"og:locale\" content=\"fr_FR\" \/>\n<meta property=\"og:type\" content=\"article\" \/>\n<meta property=\"og:title\" content=\"Pr\u00e9sentation ordonnances Macron - P\u00e9nicaud\" \/>\n<meta property=\"og:description\" content=\"Pr\u00e9sentation des 5 ordonnances Macron \u2013 Pernicaud, dite loi Travail 2\" \/>\n<meta property=\"og:url\" content=\"https:\/\/www.garcia-avocat-paris.fr\/licenciement\/ordonnances-macron-penicaud\/\" \/>\n<meta property=\"og:site_name\" content=\"Avocat Licenciement - Avocat Droit du Travail | Sarah GARCIA\" \/>\n<meta property=\"article:publisher\" content=\"https:\/\/www.facebook.com\/Cabinet.SG.Avocat.Paris\" \/>\n<meta property=\"article:published_time\" content=\"2017-11-17T10:43:43+00:00\" \/>\n<meta property=\"article:modified_time\" content=\"2018-05-27T10:57:34+00:00\" \/>\n<meta property=\"og:image\" content=\"https:\/\/www.garcia-avocat-paris.fr\/licenciement\/wp-content\/uploads\/2017\/11\/pr\u00e9sentation-5-ordonnances-MACRON-P\u00e9nicaud.jpg\" \/>\n\t<meta property=\"og:image:width\" content=\"796\" \/>\n\t<meta property=\"og:image:height\" content=\"572\" \/>\n\t<meta property=\"og:image:type\" content=\"image\/jpeg\" \/>\n<meta name=\"author\" content=\"Ma\u00eetre Dominique Riera et Sarah Garcia\" \/>\n<meta name=\"twitter:card\" content=\"summary_large_image\" \/>\n<meta name=\"twitter:creator\" content=\"@GarciaAvocat\" \/>\n<meta name=\"twitter:site\" content=\"@GarciaAvocat\" \/>\n<meta name=\"twitter:label1\" content=\"\u00c9crit par\" \/>\n\t<meta name=\"twitter:data1\" content=\"Ma\u00eetre Dominique Riera et Sarah Garcia\" \/>\n<script type=\"application\/ld+json\" class=\"yoast-schema-graph\">{\"@context\":\"https:\\\/\\\/schema.org\",\"@graph\":[{\"@type\":\"Article\",\"@id\":\"https:\\\/\\\/www.garcia-avocat-paris.fr\\\/licenciement\\\/ordonnances-macron-penicaud\\\/#article\",\"isPartOf\":{\"@id\":\"https:\\\/\\\/www.garcia-avocat-paris.fr\\\/licenciement\\\/ordonnances-macron-penicaud\\\/\"},\"author\":{\"name\":\"Ma\u00eetre Dominique Riera et Sarah Garcia\",\"@id\":\"https:\\\/\\\/www.garcia-avocat-paris.fr\\\/licenciement\\\/#\\\/schema\\\/person\\\/43d6a81f1b55fe7b94f8c16d004da38f\"},\"headline\":\"Pr\u00e9sentation ordonnances Macron &#8211; P\u00e9nicaud\",\"datePublished\":\"2017-11-17T10:43:43+00:00\",\"dateModified\":\"2018-05-27T10:57:34+00:00\",\"mainEntityOfPage\":{\"@id\":\"https:\\\/\\\/www.garcia-avocat-paris.fr\\\/licenciement\\\/ordonnances-macron-penicaud\\\/\"},\"wordCount\":23,\"commentCount\":0,\"publisher\":{\"@id\":\"https:\\\/\\\/www.garcia-avocat-paris.fr\\\/licenciement\\\/#organization\"},\"image\":{\"@id\":\"https:\\\/\\\/www.garcia-avocat-paris.fr\\\/licenciement\\\/ordonnances-macron-penicaud\\\/#primaryimage\"},\"thumbnailUrl\":\"https:\\\/\\\/www.garcia-avocat-paris.fr\\\/licenciement\\\/wp-content\\\/uploads\\\/2017\\\/11\\\/pr\u00e9sentation-5-ordonnances-MACRON-P\u00e9nicaud.jpg\",\"keywords\":[\"loi du travail\",\"ordonnances\"],\"articleSection\":[\"droit du travail\"],\"inLanguage\":\"fr-FR\",\"potentialAction\":[{\"@type\":\"CommentAction\",\"name\":\"Comment\",\"target\":[\"https:\\\/\\\/www.garcia-avocat-paris.fr\\\/licenciement\\\/ordonnances-macron-penicaud\\\/#respond\"]}]},{\"@type\":\"WebPage\",\"@id\":\"https:\\\/\\\/www.garcia-avocat-paris.fr\\\/licenciement\\\/ordonnances-macron-penicaud\\\/\",\"url\":\"https:\\\/\\\/www.garcia-avocat-paris.fr\\\/licenciement\\\/ordonnances-macron-penicaud\\\/\",\"name\":\"Pr\u00e9sentation ordonnances Macron - P\u00e9nicaud\",\"isPartOf\":{\"@id\":\"https:\\\/\\\/www.garcia-avocat-paris.fr\\\/licenciement\\\/#website\"},\"primaryImageOfPage\":{\"@id\":\"https:\\\/\\\/www.garcia-avocat-paris.fr\\\/licenciement\\\/ordonnances-macron-penicaud\\\/#primaryimage\"},\"image\":{\"@id\":\"https:\\\/\\\/www.garcia-avocat-paris.fr\\\/licenciement\\\/ordonnances-macron-penicaud\\\/#primaryimage\"},\"thumbnailUrl\":\"https:\\\/\\\/www.garcia-avocat-paris.fr\\\/licenciement\\\/wp-content\\\/uploads\\\/2017\\\/11\\\/pr\u00e9sentation-5-ordonnances-MACRON-P\u00e9nicaud.jpg\",\"datePublished\":\"2017-11-17T10:43:43+00:00\",\"dateModified\":\"2018-05-27T10:57:34+00:00\",\"description\":\"Pr\u00e9sentation des 5 ordonnances Macron \u2013 Pernicaud, dite loi Travail 2\",\"breadcrumb\":{\"@id\":\"https:\\\/\\\/www.garcia-avocat-paris.fr\\\/licenciement\\\/ordonnances-macron-penicaud\\\/#breadcrumb\"},\"inLanguage\":\"fr-FR\",\"potentialAction\":[{\"@type\":\"ReadAction\",\"target\":[\"https:\\\/\\\/www.garcia-avocat-paris.fr\\\/licenciement\\\/ordonnances-macron-penicaud\\\/\"]}]},{\"@type\":\"ImageObject\",\"inLanguage\":\"fr-FR\",\"@id\":\"https:\\\/\\\/www.garcia-avocat-paris.fr\\\/licenciement\\\/ordonnances-macron-penicaud\\\/#primaryimage\",\"url\":\"https:\\\/\\\/www.garcia-avocat-paris.fr\\\/licenciement\\\/wp-content\\\/uploads\\\/2017\\\/11\\\/pr\u00e9sentation-5-ordonnances-MACRON-P\u00e9nicaud.jpg\",\"contentUrl\":\"https:\\\/\\\/www.garcia-avocat-paris.fr\\\/licenciement\\\/wp-content\\\/uploads\\\/2017\\\/11\\\/pr\u00e9sentation-5-ordonnances-MACRON-P\u00e9nicaud.jpg\",\"width\":796,\"height\":572,\"caption\":\"pr\u00e9sentation 5 ordonnances MACRON - P\u00e9nicaud\"},{\"@type\":\"BreadcrumbList\",\"@id\":\"https:\\\/\\\/www.garcia-avocat-paris.fr\\\/licenciement\\\/ordonnances-macron-penicaud\\\/#breadcrumb\",\"itemListElement\":[{\"@type\":\"ListItem\",\"position\":1,\"name\":\"Accueil\",\"item\":\"https:\\\/\\\/www.garcia-avocat-paris.fr\\\/licenciement\\\/\"},{\"@type\":\"ListItem\",\"position\":2,\"name\":\"loi du travail\",\"item\":\"https:\\\/\\\/www.garcia-avocat-paris.fr\\\/licenciement\\\/tag\\\/loi-du-travail\\\/\"},{\"@type\":\"ListItem\",\"position\":3,\"name\":\"Pr\u00e9sentation ordonnances Macron &#8211; P\u00e9nicaud\"}]},{\"@type\":\"WebSite\",\"@id\":\"https:\\\/\\\/www.garcia-avocat-paris.fr\\\/licenciement\\\/#website\",\"url\":\"https:\\\/\\\/www.garcia-avocat-paris.fr\\\/licenciement\\\/\",\"name\":\"Avocat Licenciement - Avocat Droit du Travail | Sarah GARCIA\",\"description\":\"Avocat du Travail Paris - Le Blog\",\"publisher\":{\"@id\":\"https:\\\/\\\/www.garcia-avocat-paris.fr\\\/licenciement\\\/#organization\"},\"potentialAction\":[{\"@type\":\"SearchAction\",\"target\":{\"@type\":\"EntryPoint\",\"urlTemplate\":\"https:\\\/\\\/www.garcia-avocat-paris.fr\\\/licenciement\\\/?s={search_term_string}\"},\"query-input\":{\"@type\":\"PropertyValueSpecification\",\"valueRequired\":true,\"valueName\":\"search_term_string\"}}],\"inLanguage\":\"fr-FR\"},{\"@type\":\"Organization\",\"@id\":\"https:\\\/\\\/www.garcia-avocat-paris.fr\\\/licenciement\\\/#organization\",\"name\":\"Cabinet SG Avocat\",\"url\":\"https:\\\/\\\/www.garcia-avocat-paris.fr\\\/licenciement\\\/\",\"logo\":{\"@type\":\"ImageObject\",\"inLanguage\":\"fr-FR\",\"@id\":\"https:\\\/\\\/www.garcia-avocat-paris.fr\\\/licenciement\\\/#\\\/schema\\\/logo\\\/image\\\/\",\"url\":\"https:\\\/\\\/www.garcia-avocat-paris.fr\\\/licenciement\\\/wp-content\\\/uploads\\\/2015\\\/03\\\/Logo-du-cabinet-sg-avocat.jpg\",\"contentUrl\":\"https:\\\/\\\/www.garcia-avocat-paris.fr\\\/licenciement\\\/wp-content\\\/uploads\\\/2015\\\/03\\\/Logo-du-cabinet-sg-avocat.jpg\",\"width\":75,\"height\":79,\"caption\":\"Cabinet SG Avocat\"},\"image\":{\"@id\":\"https:\\\/\\\/www.garcia-avocat-paris.fr\\\/licenciement\\\/#\\\/schema\\\/logo\\\/image\\\/\"},\"sameAs\":[\"https:\\\/\\\/www.facebook.com\\\/Cabinet.SG.Avocat.Paris\",\"https:\\\/\\\/x.com\\\/GarciaAvocat\",\"https:\\\/\\\/www.linkedin.com\\\/pub\\\/sarah-garcia\\\/69\\\/24\\\/12b\"]},{\"@type\":\"Person\",\"@id\":\"https:\\\/\\\/www.garcia-avocat-paris.fr\\\/licenciement\\\/#\\\/schema\\\/person\\\/43d6a81f1b55fe7b94f8c16d004da38f\",\"name\":\"Ma\u00eetre Dominique Riera et Sarah Garcia\",\"image\":{\"@type\":\"ImageObject\",\"inLanguage\":\"fr-FR\",\"@id\":\"https:\\\/\\\/secure.gravatar.com\\\/avatar\\\/c019ada28597d65ae6eb668fc39642c5c68faeb877e2b808d1406e01eae6d923?s=96&d=mm&r=g\",\"url\":\"https:\\\/\\\/secure.gravatar.com\\\/avatar\\\/c019ada28597d65ae6eb668fc39642c5c68faeb877e2b808d1406e01eae6d923?s=96&d=mm&r=g\",\"contentUrl\":\"https:\\\/\\\/secure.gravatar.com\\\/avatar\\\/c019ada28597d65ae6eb668fc39642c5c68faeb877e2b808d1406e01eae6d923?s=96&d=mm&r=g\",\"caption\":\"Ma\u00eetre Dominique Riera et Sarah Garcia\"}}]}<\/script>\n<!-- \/ Yoast SEO plugin. -->","yoast_head_json":{"title":"Pr\u00e9sentation ordonnances Macron - P\u00e9nicaud","description":"Pr\u00e9sentation des 5 ordonnances Macron \u2013 Pernicaud, dite loi Travail 2","robots":{"index":"index","follow":"follow","max-snippet":"max-snippet:-1","max-image-preview":"max-image-preview:large","max-video-preview":"max-video-preview:-1"},"canonical":"https:\/\/www.garcia-avocat-paris.fr\/licenciement\/ordonnances-macron-penicaud\/","og_locale":"fr_FR","og_type":"article","og_title":"Pr\u00e9sentation ordonnances Macron - P\u00e9nicaud","og_description":"Pr\u00e9sentation des 5 ordonnances Macron \u2013 Pernicaud, dite loi Travail 2","og_url":"https:\/\/www.garcia-avocat-paris.fr\/licenciement\/ordonnances-macron-penicaud\/","og_site_name":"Avocat Licenciement - Avocat Droit du Travail | Sarah GARCIA","article_publisher":"https:\/\/www.facebook.com\/Cabinet.SG.Avocat.Paris","article_published_time":"2017-11-17T10:43:43+00:00","article_modified_time":"2018-05-27T10:57:34+00:00","og_image":[{"width":796,"height":572,"url":"https:\/\/www.garcia-avocat-paris.fr\/licenciement\/wp-content\/uploads\/2017\/11\/pr\u00e9sentation-5-ordonnances-MACRON-P\u00e9nicaud.jpg","type":"image\/jpeg"}],"author":"Ma\u00eetre Dominique Riera et Sarah Garcia","twitter_card":"summary_large_image","twitter_creator":"@GarciaAvocat","twitter_site":"@GarciaAvocat","twitter_misc":{"\u00c9crit par":"Ma\u00eetre Dominique Riera et Sarah Garcia"},"schema":{"@context":"https:\/\/schema.org","@graph":[{"@type":"Article","@id":"https:\/\/www.garcia-avocat-paris.fr\/licenciement\/ordonnances-macron-penicaud\/#article","isPartOf":{"@id":"https:\/\/www.garcia-avocat-paris.fr\/licenciement\/ordonnances-macron-penicaud\/"},"author":{"name":"Ma\u00eetre Dominique Riera et Sarah Garcia","@id":"https:\/\/www.garcia-avocat-paris.fr\/licenciement\/#\/schema\/person\/43d6a81f1b55fe7b94f8c16d004da38f"},"headline":"Pr\u00e9sentation ordonnances Macron &#8211; P\u00e9nicaud","datePublished":"2017-11-17T10:43:43+00:00","dateModified":"2018-05-27T10:57:34+00:00","mainEntityOfPage":{"@id":"https:\/\/www.garcia-avocat-paris.fr\/licenciement\/ordonnances-macron-penicaud\/"},"wordCount":23,"commentCount":0,"publisher":{"@id":"https:\/\/www.garcia-avocat-paris.fr\/licenciement\/#organization"},"image":{"@id":"https:\/\/www.garcia-avocat-paris.fr\/licenciement\/ordonnances-macron-penicaud\/#primaryimage"},"thumbnailUrl":"https:\/\/www.garcia-avocat-paris.fr\/licenciement\/wp-content\/uploads\/2017\/11\/pr\u00e9sentation-5-ordonnances-MACRON-P\u00e9nicaud.jpg","keywords":["loi du travail","ordonnances"],"articleSection":["droit du travail"],"inLanguage":"fr-FR","potentialAction":[{"@type":"CommentAction","name":"Comment","target":["https:\/\/www.garcia-avocat-paris.fr\/licenciement\/ordonnances-macron-penicaud\/#respond"]}]},{"@type":"WebPage","@id":"https:\/\/www.garcia-avocat-paris.fr\/licenciement\/ordonnances-macron-penicaud\/","url":"https:\/\/www.garcia-avocat-paris.fr\/licenciement\/ordonnances-macron-penicaud\/","name":"Pr\u00e9sentation ordonnances Macron - P\u00e9nicaud","isPartOf":{"@id":"https:\/\/www.garcia-avocat-paris.fr\/licenciement\/#website"},"primaryImageOfPage":{"@id":"https:\/\/www.garcia-avocat-paris.fr\/licenciement\/ordonnances-macron-penicaud\/#primaryimage"},"image":{"@id":"https:\/\/www.garcia-avocat-paris.fr\/licenciement\/ordonnances-macron-penicaud\/#primaryimage"},"thumbnailUrl":"https:\/\/www.garcia-avocat-paris.fr\/licenciement\/wp-content\/uploads\/2017\/11\/pr\u00e9sentation-5-ordonnances-MACRON-P\u00e9nicaud.jpg","datePublished":"2017-11-17T10:43:43+00:00","dateModified":"2018-05-27T10:57:34+00:00","description":"Pr\u00e9sentation des 5 ordonnances Macron \u2013 Pernicaud, dite loi Travail 2","breadcrumb":{"@id":"https:\/\/www.garcia-avocat-paris.fr\/licenciement\/ordonnances-macron-penicaud\/#breadcrumb"},"inLanguage":"fr-FR","potentialAction":[{"@type":"ReadAction","target":["https:\/\/www.garcia-avocat-paris.fr\/licenciement\/ordonnances-macron-penicaud\/"]}]},{"@type":"ImageObject","inLanguage":"fr-FR","@id":"https:\/\/www.garcia-avocat-paris.fr\/licenciement\/ordonnances-macron-penicaud\/#primaryimage","url":"https:\/\/www.garcia-avocat-paris.fr\/licenciement\/wp-content\/uploads\/2017\/11\/pr\u00e9sentation-5-ordonnances-MACRON-P\u00e9nicaud.jpg","contentUrl":"https:\/\/www.garcia-avocat-paris.fr\/licenciement\/wp-content\/uploads\/2017\/11\/pr\u00e9sentation-5-ordonnances-MACRON-P\u00e9nicaud.jpg","width":796,"height":572,"caption":"pr\u00e9sentation 5 ordonnances MACRON - P\u00e9nicaud"},{"@type":"BreadcrumbList","@id":"https:\/\/www.garcia-avocat-paris.fr\/licenciement\/ordonnances-macron-penicaud\/#breadcrumb","itemListElement":[{"@type":"ListItem","position":1,"name":"Accueil","item":"https:\/\/www.garcia-avocat-paris.fr\/licenciement\/"},{"@type":"ListItem","position":2,"name":"loi du travail","item":"https:\/\/www.garcia-avocat-paris.fr\/licenciement\/tag\/loi-du-travail\/"},{"@type":"ListItem","position":3,"name":"Pr\u00e9sentation ordonnances Macron &#8211; P\u00e9nicaud"}]},{"@type":"WebSite","@id":"https:\/\/www.garcia-avocat-paris.fr\/licenciement\/#website","url":"https:\/\/www.garcia-avocat-paris.fr\/licenciement\/","name":"Avocat Licenciement - Avocat Droit du Travail | Sarah GARCIA","description":"Avocat du Travail Paris - Le Blog","publisher":{"@id":"https:\/\/www.garcia-avocat-paris.fr\/licenciement\/#organization"},"potentialAction":[{"@type":"SearchAction","target":{"@type":"EntryPoint","urlTemplate":"https:\/\/www.garcia-avocat-paris.fr\/licenciement\/?s={search_term_string}"},"query-input":{"@type":"PropertyValueSpecification","valueRequired":true,"valueName":"search_term_string"}}],"inLanguage":"fr-FR"},{"@type":"Organization","@id":"https:\/\/www.garcia-avocat-paris.fr\/licenciement\/#organization","name":"Cabinet SG Avocat","url":"https:\/\/www.garcia-avocat-paris.fr\/licenciement\/","logo":{"@type":"ImageObject","inLanguage":"fr-FR","@id":"https:\/\/www.garcia-avocat-paris.fr\/licenciement\/#\/schema\/logo\/image\/","url":"https:\/\/www.garcia-avocat-paris.fr\/licenciement\/wp-content\/uploads\/2015\/03\/Logo-du-cabinet-sg-avocat.jpg","contentUrl":"https:\/\/www.garcia-avocat-paris.fr\/licenciement\/wp-content\/uploads\/2015\/03\/Logo-du-cabinet-sg-avocat.jpg","width":75,"height":79,"caption":"Cabinet SG Avocat"},"image":{"@id":"https:\/\/www.garcia-avocat-paris.fr\/licenciement\/#\/schema\/logo\/image\/"},"sameAs":["https:\/\/www.facebook.com\/Cabinet.SG.Avocat.Paris","https:\/\/x.com\/GarciaAvocat","https:\/\/www.linkedin.com\/pub\/sarah-garcia\/69\/24\/12b"]},{"@type":"Person","@id":"https:\/\/www.garcia-avocat-paris.fr\/licenciement\/#\/schema\/person\/43d6a81f1b55fe7b94f8c16d004da38f","name":"Ma\u00eetre Dominique Riera et Sarah Garcia","image":{"@type":"ImageObject","inLanguage":"fr-FR","@id":"https:\/\/secure.gravatar.com\/avatar\/c019ada28597d65ae6eb668fc39642c5c68faeb877e2b808d1406e01eae6d923?s=96&d=mm&r=g","url":"https:\/\/secure.gravatar.com\/avatar\/c019ada28597d65ae6eb668fc39642c5c68faeb877e2b808d1406e01eae6d923?s=96&d=mm&r=g","contentUrl":"https:\/\/secure.gravatar.com\/avatar\/c019ada28597d65ae6eb668fc39642c5c68faeb877e2b808d1406e01eae6d923?s=96&d=mm&r=g","caption":"Ma\u00eetre Dominique Riera et Sarah Garcia"}}]}},"views":70,"_links":{"self":[{"href":"https:\/\/www.garcia-avocat-paris.fr\/licenciement\/wp-json\/wp\/v2\/posts\/1837","targetHints":{"allow":["GET"]}}],"collection":[{"href":"https:\/\/www.garcia-avocat-paris.fr\/licenciement\/wp-json\/wp\/v2\/posts"}],"about":[{"href":"https:\/\/www.garcia-avocat-paris.fr\/licenciement\/wp-json\/wp\/v2\/types\/post"}],"author":[{"embeddable":true,"href":"https:\/\/www.garcia-avocat-paris.fr\/licenciement\/wp-json\/wp\/v2\/users\/6"}],"replies":[{"embeddable":true,"href":"https:\/\/www.garcia-avocat-paris.fr\/licenciement\/wp-json\/wp\/v2\/comments?post=1837"}],"version-history":[{"count":0,"href":"https:\/\/www.garcia-avocat-paris.fr\/licenciement\/wp-json\/wp\/v2\/posts\/1837\/revisions"}],"wp:featuredmedia":[{"embeddable":true,"href":"https:\/\/www.garcia-avocat-paris.fr\/licenciement\/wp-json\/wp\/v2\/media\/1841"}],"wp:attachment":[{"href":"https:\/\/www.garcia-avocat-paris.fr\/licenciement\/wp-json\/wp\/v2\/media?parent=1837"}],"wp:term":[{"taxonomy":"category","embeddable":true,"href":"https:\/\/www.garcia-avocat-paris.fr\/licenciement\/wp-json\/wp\/v2\/categories?post=1837"},{"taxonomy":"post_tag","embeddable":true,"href":"https:\/\/www.garcia-avocat-paris.fr\/licenciement\/wp-json\/wp\/v2\/tags?post=1837"}],"curies":[{"name":"wp","href":"https:\/\/api.w.org\/{rel}","templated":true}]}}