{"id":1801,"date":"2017-10-09T08:10:46","date_gmt":"2017-10-09T06:10:46","guid":{"rendered":"https:\/\/www.garcia-avocat-paris.fr\/licenciement?p=1801"},"modified":"2018-05-28T12:47:18","modified_gmt":"2018-05-28T11:47:18","slug":"baremes-dommages-interets","status":"publish","type":"post","link":"https:\/\/www.garcia-avocat-paris.fr\/licenciement\/baremes-dommages-interets\/","title":{"rendered":"Ordonnances Macron : Les nouveaux bar\u00e8mes relatifs aux dommages-int\u00e9r\u00eats"},"content":{"rendered":"<h2><u>Les nouveaux bar\u00e8mes relatifs aux dommages-int\u00e9r\u00eats<\/u><\/h2>\n<p style=\"text-align: justify;\">L\u2019ordonnance n\u00b02017-1387 du 22 septembre 2017 relative \u00e0 la pr\u00e9visibilit\u00e9 et la s\u00e9curisation des relations de travail modifie les r\u00e8gles relatives au licenciement, notamment les sommes vers\u00e9es au titre des dommages int\u00e9r\u00eats.<\/p>\n<p style=\"text-align: justify;\">Elle pr\u00e9voit un nouveau bar\u00e8me pour les dommages et int\u00e9r\u00eats en cas de licenciement abusif.<\/p>\n<p style=\"text-align: justify;\">En effet, un bar\u00e8me obligatoire (plafond et un plancher) est instaur\u00e9 pour les dommages et int\u00e9r\u00eats octroy\u00e9s par le juge (\u00e0 noter que les planchers sont diff\u00e9rents dans les TPE).<\/p>\n<p style=\"text-align: justify;\">Si l\u2019une ou l\u2019autre des parties refuse la r\u00e9int\u00e9gration du salari\u00e9, le juge octroie au salari\u00e9 une indemnit\u00e9 \u00e0 la charge de l\u2019employeur, dont le montant est compris entre les montants minimaux et maximaux fix\u00e9s.<\/p>\n<h3><u>Rappel de la situation avant l\u2019ordonnance<a href=\"https:\/\/www.garcia-avocat-paris.fr\/licenciement\/wp-content\/uploads\/2016\/12\/bar\u00e8me.jpg\"><img decoding=\"async\" class=\"alignright size-thumbnail wp-image-1703\" src=\"https:\/\/www.garcia-avocat-paris.fr\/licenciement\/wp-content\/uploads\/2016\/12\/bar\u00e8me-150x150.jpg\" alt=\"dommages bar\u00e8me indemnit\u00e9\" width=\"150\" height=\"150\" srcset=\"https:\/\/www.garcia-avocat-paris.fr\/licenciement\/wp-content\/uploads\/2016\/12\/bar\u00e8me-150x150.jpg 150w, https:\/\/www.garcia-avocat-paris.fr\/licenciement\/wp-content\/uploads\/2016\/12\/bar\u00e8me-267x267.jpg 267w, https:\/\/www.garcia-avocat-paris.fr\/licenciement\/wp-content\/uploads\/2016\/12\/bar\u00e8me-100x100.jpg 100w\" sizes=\"(max-width: 150px) 100vw, 150px\" \/><\/a><\/u><\/h3>\n<p>L\u2019ancien article L1235-3 du Code du travail dispose que\u00a0:<\/p>\n<p style=\"text-align: justify;\"><strong><em>\u00ab\u00a0<\/em><\/strong><em>Si le licenciement d&#8217;un salari\u00e9 survient pour une cause qui n&#8217;est pas r\u00e9elle et s\u00e9rieuse, le juge peut proposer la r\u00e9int\u00e9gration du salari\u00e9 dans l&#8217;entreprise, avec maintien de ses avantages acquis. <\/em><\/p>\n<p style=\"text-align: justify;\"><em>Si l&#8217;une ou l&#8217;autre des parties refuse, le juge octroie une indemnit\u00e9 au salari\u00e9. Cette indemnit\u00e9, \u00e0 la charge de l&#8217;employeur, ne peut \u00eatre inf\u00e9rieure aux salaires des six derniers mois. Elle est due sans pr\u00e9judice, le cas \u00e9ch\u00e9ant, de l&#8217;indemnit\u00e9 de licenciement pr\u00e9vue \u00e0 l&#8217;article <\/em><a href=\"https:\/\/www.legifrance.gouv.fr\/affichCodeArticle.do?cidTexte=LEGITEXT000006072050&amp;idArticle=LEGIARTI000006901122&amp;dateTexte=&amp;categorieLien=cid\" rel=\"nofollow\"><em>L. 1234-9<\/em><\/a>.\u00a0\u00bb<\/p>\n<p style=\"text-align: justify;\">La loi dans son ancienne r\u00e9daction pr\u00e9voit un plancher de 6 mois de salaire pour les salari\u00e9s d\u2019au moins 2 ans d\u2019anciennet\u00e9 dans une entreprise d\u2019au moins 11 salari\u00e9s.<\/p>\n<p style=\"text-align: justify;\">Si le salari\u00e9 a moins de 2 ans d&#8217;anciennet\u00e9 ou travaille dans une entreprise de moins de 11 salari\u00e9s, il a droit \u00e0 des dommages et int\u00e9r\u00eats dont le juge appr\u00e9cie souverainement le montant en fonction du pr\u00e9judice subi.<\/p>\n<p style=\"text-align: justify;\">Ces indemnit\u00e9s se cumulent avec les indemnit\u00e9s de rupture (indemnit\u00e9 de licenciement, de pr\u00e9avis, de cong\u00e9s pay\u00e9s et de non-concurrence) et, le cas \u00e9ch\u00e9ant, avec la r\u00e9paration d&#8217;autres pr\u00e9judices (par exemple, en cas de licenciement dans des conditions vexatoires).<\/p>\n<h3><u>La<\/u><u> modification op\u00e9r\u00e9e par l\u2019ordonnance<\/u><\/h3>\n<p>Le juge pourrait d\u00e9sormais accorder une indemnit\u00e9 dont le montant serait compris dans les fourchettes d\u00e9termin\u00e9es par le texte.<\/p>\n<p>En effet, le nouvel article L 1235-3 du code du travail pr\u00e9cise que\u00a0:<\/p>\n<p style=\"text-align: justify;\">Si le licenciement d&#8217;un salari\u00e9 survient pour une cause qui n&#8217;est pas r\u00e9elle et s\u00e9rieuse, le juge peut proposer la r\u00e9int\u00e9gration du salari\u00e9 dans l&#8217;entreprise, avec maintien de ses avantages acquis.<\/p>\n<p style=\"text-align: justify;\">Si l&#8217;une ou l&#8217;autre des parties refuse cette r\u00e9int\u00e9gration, le juge octroie au salari\u00e9 une indemnit\u00e9 \u00e0 la charge de l&#8217;employeur, dont le montant est compris entre les montants minimaux et maximaux fix\u00e9s dans le tableau ci-dessous.<\/p>\n<table style=\"width: 640px;\">\n<tbody>\n<tr>\n<td style=\"width: 191px;\"><strong> Anciennet\u00e9 du salari\u00e9 dans l&#8217;entreprise <\/strong><strong> (en ann\u00e9es compl\u00e8tes) <\/strong><\/td>\n<td style=\"width: 206px;\"><strong> Indemnit\u00e9 minimale <\/strong><strong> (en mois de salaire brut) <\/strong><\/td>\n<td style=\"width: 218px;\"><strong> Indemnit\u00e9 maximale <\/strong><strong> (en mois de salaire brut) <\/strong><\/td>\n<\/tr>\n<tr>\n<td style=\"width: 191px;\">0<\/td>\n<td style=\"width: 206px;\">Sans objet<\/td>\n<td style=\"width: 218px;\">1<\/td>\n<\/tr>\n<tr>\n<td style=\"width: 191px;\">1<\/td>\n<td style=\"width: 206px;\">1<\/td>\n<td style=\"width: 218px;\">2<\/td>\n<\/tr>\n<tr>\n<td style=\"width: 191px;\">2<\/td>\n<td style=\"width: 206px;\">3<\/td>\n<td style=\"width: 218px;\">3,5<\/td>\n<\/tr>\n<tr>\n<td style=\"width: 191px;\">3<\/td>\n<td style=\"width: 206px;\">3<\/td>\n<td style=\"width: 218px;\">4<\/td>\n<\/tr>\n<tr>\n<td style=\"width: 191px;\">4<\/td>\n<td style=\"width: 206px;\">3<\/td>\n<td style=\"width: 218px;\">5<\/td>\n<\/tr>\n<tr>\n<td style=\"width: 191px;\">5<\/td>\n<td style=\"width: 206px;\">3<\/td>\n<td style=\"width: 218px;\">6<\/td>\n<\/tr>\n<tr>\n<td style=\"width: 191px;\">6<\/td>\n<td style=\"width: 206px;\">3<\/td>\n<td style=\"width: 218px;\">7<\/td>\n<\/tr>\n<tr>\n<td style=\"width: 191px;\">7<\/td>\n<td style=\"width: 206px;\">3<\/td>\n<td style=\"width: 218px;\">8<\/td>\n<\/tr>\n<tr>\n<td style=\"width: 191px;\">8<\/td>\n<td style=\"width: 206px;\">3<\/td>\n<td style=\"width: 218px;\">8<\/td>\n<\/tr>\n<tr>\n<td style=\"width: 191px;\">9<\/td>\n<td style=\"width: 206px;\">3<\/td>\n<td style=\"width: 218px;\">9<\/td>\n<\/tr>\n<tr>\n<td style=\"width: 191px;\">10<\/td>\n<td style=\"width: 206px;\">3<\/td>\n<td style=\"width: 218px;\">10<\/td>\n<\/tr>\n<tr>\n<td style=\"width: 191px;\">11<\/td>\n<td style=\"width: 206px;\">3<\/td>\n<td style=\"width: 218px;\">10,5<\/td>\n<\/tr>\n<tr>\n<td style=\"width: 191px;\">12<\/td>\n<td style=\"width: 206px;\">3<\/td>\n<td style=\"width: 218px;\">11<\/td>\n<\/tr>\n<tr>\n<td style=\"width: 191px;\">13<\/td>\n<td style=\"width: 206px;\">3<\/td>\n<td style=\"width: 218px;\">11,5<\/td>\n<\/tr>\n<tr>\n<td style=\"width: 191px;\">14<\/td>\n<td style=\"width: 206px;\">3<\/td>\n<td style=\"width: 218px;\">12<\/td>\n<\/tr>\n<tr>\n<td style=\"width: 191px;\">15<\/td>\n<td style=\"width: 206px;\">3<\/td>\n<td style=\"width: 218px;\">13<\/td>\n<\/tr>\n<tr>\n<td style=\"width: 191px;\">16<\/td>\n<td style=\"width: 206px;\">3<\/td>\n<td style=\"width: 218px;\">13,5<\/td>\n<\/tr>\n<tr>\n<td style=\"width: 191px;\">17<\/td>\n<td style=\"width: 206px;\">3<\/td>\n<td style=\"width: 218px;\">14<\/td>\n<\/tr>\n<tr>\n<td style=\"width: 191px;\">18<\/td>\n<td style=\"width: 206px;\">3<\/td>\n<td style=\"width: 218px;\">14,5<\/td>\n<\/tr>\n<tr>\n<td style=\"width: 191px;\">19<\/td>\n<td style=\"width: 206px;\">3<\/td>\n<td style=\"width: 218px;\">15<\/td>\n<\/tr>\n<tr>\n<td style=\"width: 191px;\">20<\/td>\n<td style=\"width: 206px;\">3<\/td>\n<td style=\"width: 218px;\">15,5<\/td>\n<\/tr>\n<tr>\n<td style=\"width: 191px;\">21<\/td>\n<td style=\"width: 206px;\">3<\/td>\n<td style=\"width: 218px;\">16<\/td>\n<\/tr>\n<tr>\n<td style=\"width: 191px;\">22<\/td>\n<td style=\"width: 206px;\">3<\/td>\n<td style=\"width: 218px;\">16,5<\/td>\n<\/tr>\n<tr>\n<td style=\"width: 191px;\">23<\/td>\n<td style=\"width: 206px;\">3<\/td>\n<td style=\"width: 218px;\">17<\/td>\n<\/tr>\n<tr>\n<td style=\"width: 191px;\">24<\/td>\n<td style=\"width: 206px;\">3<\/td>\n<td style=\"width: 218px;\">17,5<\/td>\n<\/tr>\n<tr>\n<td style=\"width: 191px;\">25<\/td>\n<td style=\"width: 206px;\">3<\/td>\n<td style=\"width: 218px;\">18<\/td>\n<\/tr>\n<tr>\n<td style=\"width: 191px;\">26<\/td>\n<td style=\"width: 206px;\">3<\/td>\n<td style=\"width: 218px;\">18,5<\/td>\n<\/tr>\n<tr>\n<td style=\"width: 191px;\">27<\/td>\n<td style=\"width: 206px;\">3<\/td>\n<td style=\"width: 218px;\">19<\/td>\n<\/tr>\n<tr>\n<td style=\"width: 191px;\">28<\/td>\n<td style=\"width: 206px;\">3<\/td>\n<td style=\"width: 218px;\">19,5<\/td>\n<\/tr>\n<tr>\n<td style=\"width: 191px;\">29<\/td>\n<td style=\"width: 206px;\">3<\/td>\n<td style=\"width: 218px;\">20<\/td>\n<\/tr>\n<tr>\n<td style=\"width: 191px;\">30 et au-del\u00e0<\/td>\n<td style=\"width: 206px;\">3<\/td>\n<td style=\"width: 218px;\">20<\/td>\n<\/tr>\n<\/tbody>\n<\/table>\n<p style=\"text-align: justify;\">En cas de licenciement op\u00e9r\u00e9 dans une entreprise employant habituellement moins de onze salari\u00e9s, les montants minimaux fix\u00e9s ci-dessous sont applicables, par d\u00e9rogation \u00e0 ceux fix\u00e9s \u00e0 l&#8217;alin\u00e9a pr\u00e9c\u00e9dent :<\/p>\n<table style=\"width: 445.25px;\">\n<tbody>\n<tr>\n<td style=\"width: 207px;\"><strong><br \/>\nAnciennet\u00e9 du salari\u00e9 dans l&#8217;entreprise(en ann\u00e9es compl\u00e8tes)<\/strong><\/td>\n<td style=\"width: 220.25px;\"><strong><br \/>\nIndemnit\u00e9 minimale(en mois de salaire brut)<\/strong><\/td>\n<\/tr>\n<tr>\n<td style=\"width: 207px;\">0<\/td>\n<td style=\"width: 220.25px;\">Sans objet<\/td>\n<\/tr>\n<tr>\n<td style=\"width: 207px;\">1<\/td>\n<td style=\"width: 220.25px;\">0,5<\/td>\n<\/tr>\n<tr>\n<td style=\"width: 207px;\">2<\/td>\n<td style=\"width: 220.25px;\">0,5<\/td>\n<\/tr>\n<tr>\n<td style=\"width: 207px;\">3<\/td>\n<td style=\"width: 220.25px;\">1<\/td>\n<\/tr>\n<tr>\n<td style=\"width: 207px;\">4<\/td>\n<td style=\"width: 220.25px;\">1<\/td>\n<\/tr>\n<tr>\n<td style=\"width: 207px;\">5<\/td>\n<td style=\"width: 220.25px;\">1,5<\/td>\n<\/tr>\n<tr>\n<td style=\"width: 207px;\">6<\/td>\n<td style=\"width: 220.25px;\">1,5<\/td>\n<\/tr>\n<tr>\n<td style=\"width: 207px;\">7<\/td>\n<td style=\"width: 220.25px;\">2<\/td>\n<\/tr>\n<tr>\n<td style=\"width: 207px;\">8<\/td>\n<td style=\"width: 220.25px;\">2<\/td>\n<\/tr>\n<tr>\n<td style=\"width: 207px;\">9<\/td>\n<td style=\"width: 220.25px;\">2,5<\/td>\n<\/tr>\n<tr>\n<td style=\"width: 207px;\">10<\/td>\n<td style=\"width: 220.25px;\">2,5<\/td>\n<\/tr>\n<\/tbody>\n<\/table>\n<p style=\"text-align: justify;\">Pour d\u00e9terminer le montant de l&#8217;indemnit\u00e9, le juge peut tenir compte, le cas \u00e9ch\u00e9ant, des indemnit\u00e9s de licenciement vers\u00e9es \u00e0 l&#8217;occasion de la rupture.<\/p>\n<p style=\"text-align: justify;\">Ces deux bar\u00e8mes s\u2019appliquent en cas de licenciement sans cause r\u00e9elle et s\u00e9rieuse, en cas de r\u00e9siliation judiciaire et de prise d\u2019acte de la rupture du contrat de travail.<\/p>\n<p style=\"text-align: justify;\">Lorsque le licenciement est jug\u00e9 nul, le salari\u00e9 pourrait pr\u00e9tendre, comme actuellement, \u00e0 une indemnit\u00e9 d&#8217;au moins 6 mois de salaire brut. S&#8217;y ajouteraient le salaire &#8211; lorsqu&#8217;il est d\u00fb &#8211; qui aurait \u00e9t\u00e9 per\u00e7u pendant la p\u00e9riode couverte par la nullit\u00e9 ainsi que, le cas \u00e9ch\u00e9ant, les indemnit\u00e9s de rupture. Le juge retrouverait donc son pouvoir d&#8217;appr\u00e9ciation du pr\u00e9judice subi dans cette situation.<\/p>\n<p>Les cas de nullit\u00e9 de la rupture concern\u00e9s seraient les suivants :<\/p>\n<ul>\n<li>violation d&#8217;une libert\u00e9 fondamentale du salari\u00e9 ;<\/li>\n<li>licenciement d&#8217;une victime ou d&#8217;un t\u00e9moin de faits de harc\u00e8lement moral ou sexuel ;<\/li>\n<li>licenciement cons\u00e9cutif \u00e0 une action en justice en mati\u00e8re de discrimination, d&#8217;\u00e9galit\u00e9 professionnelle entre les hommes et les femmes ;<\/li>\n<li>violation de la protection accord\u00e9e aux lanceurs d&#8217;alerte ;<\/li>\n<li>violation de la protection accord\u00e9e aux repr\u00e9sentants du personnel ;<\/li>\n<li>violation de la protection li\u00e9e \u00e0 la maternit\u00e9 ;<\/li>\n<li>violation de la protection accord\u00e9e aux victimes d&#8217;accidents du travail ou de maladies professionnelles.<\/li>\n<\/ul>\n<p style=\"text-align: justify;\">La sanction de 6 mois de salaire minimum s&#8217;appliquerait \u00e9galement dans des situations qui, actuellement, donnent lieu au versement d&#8217;une indemnit\u00e9 d&#8217;au moins 12 mois de salaire.<\/p>\n<p style=\"text-align: justify;\">Seraient concern\u00e9s les licenciements \u00e9conomiques nuls en raison d&#8217;une absence ou d&#8217;une insuffisance du plan de sauvegarde de l&#8217;emploi, ou d&#8217;un d\u00e9faut de validation ou d&#8217;homologation de ce plan, ainsi que certains licenciements d&#8217;un salari\u00e9 victime d&#8217;un accident du travail ou d&#8217;une maladie professionnelle (non r\u00e9int\u00e9gration apr\u00e8s un arr\u00eat de travail ou manquement \u00e0 l&#8217;obligation de reclassement en cas d&#8217;inaptitude physique).<\/p>\n<p>Ces dispositions sont applicables aux licenciements prononc\u00e9s post\u00e9rieurement \u00e0 la publication de la pr\u00e9sente ordonnance.<\/p>\n<p>&nbsp;<\/p>\n","protected":false},"excerpt":{"rendered":"<p>Les nouveaux bar\u00e8mes relatifs aux dommages-int\u00e9r\u00eats L\u2019ordonnance n\u00b02017-1387 du 22 septembre 2017 relative \u00e0 la pr\u00e9visibilit\u00e9 et la s\u00e9curisation des relations de travail modifie les r\u00e8gles relatives au licenciement, notamment les sommes vers\u00e9es au titre des dommages int\u00e9r\u00eats. Elle pr\u00e9voit un nouveau bar\u00e8me pour les dommages et int\u00e9r\u00eats en cas de licenciement abusif. En effet, [&hellip;]<\/p>\n","protected":false},"author":3,"featured_media":1703,"comment_status":"open","ping_status":"open","sticky":false,"template":"","format":"standard","meta":{"inline_featured_image":false,"footnotes":""},"categories":[3],"tags":[98,89,100,78],"class_list":["post-1801","post","type-post","status-publish","format-standard","has-post-thumbnail","hentry","category-droit-du-travail","tag-bareme","tag-licenciement","tag-ordonnances","tag-procedure"],"yoast_head":"<!-- This site is optimized with the Yoast SEO plugin v27.4 - https:\/\/yoast.com\/product\/yoast-seo-wordpress\/ -->\n<title>Les nouveaux bar\u00e8mes relatifs aux dommages-int\u00e9r\u00eats<\/title>\n<meta name=\"description\" content=\"Ordonnances Macron : L\u2019ordonnance n\u00b02017-1387 du 22 septembre 2017 pr\u00e9voit un nouveau bar\u00e8me pour les dommages et int\u00e9r\u00eats en cas de licenciement abusif.\" \/>\n<meta name=\"robots\" content=\"index, follow, max-snippet:-1, max-image-preview:large, max-video-preview:-1\" \/>\n<link rel=\"canonical\" href=\"https:\/\/www.garcia-avocat-paris.fr\/licenciement\/baremes-dommages-interets\/\" \/>\n<meta property=\"og:locale\" content=\"fr_FR\" \/>\n<meta property=\"og:type\" content=\"article\" \/>\n<meta property=\"og:title\" content=\"Les nouveaux bar\u00e8mes relatifs aux dommages-int\u00e9r\u00eats\" \/>\n<meta property=\"og:description\" content=\"Ordonnances Macron : L\u2019ordonnance n\u00b02017-1387 du 22 septembre 2017 pr\u00e9voit un nouveau bar\u00e8me pour les dommages et int\u00e9r\u00eats en cas de licenciement abusif.\" \/>\n<meta property=\"og:url\" content=\"https:\/\/www.garcia-avocat-paris.fr\/licenciement\/baremes-dommages-interets\/\" \/>\n<meta property=\"og:site_name\" content=\"Avocat Licenciement - Avocat Droit du Travail | Sarah GARCIA\" \/>\n<meta property=\"article:publisher\" content=\"https:\/\/www.facebook.com\/Cabinet.SG.Avocat.Paris\" \/>\n<meta property=\"article:published_time\" content=\"2017-10-09T06:10:46+00:00\" \/>\n<meta property=\"article:modified_time\" content=\"2018-05-28T11:47:18+00:00\" \/>\n<meta property=\"og:image\" content=\"https:\/\/www.garcia-avocat-paris.fr\/licenciement\/wp-content\/uploads\/2016\/12\/bar\u00e8me.jpg\" \/>\n\t<meta property=\"og:image:width\" content=\"403\" \/>\n\t<meta property=\"og:image:height\" content=\"298\" \/>\n\t<meta property=\"og:image:type\" content=\"image\/jpeg\" \/>\n<meta name=\"author\" content=\"Ma\u00eetre Sarah Garcia\" \/>\n<meta name=\"twitter:card\" content=\"summary_large_image\" \/>\n<meta name=\"twitter:creator\" content=\"@GarciaAvocat\" \/>\n<meta name=\"twitter:site\" content=\"@GarciaAvocat\" \/>\n<meta name=\"twitter:label1\" content=\"\u00c9crit par\" \/>\n\t<meta name=\"twitter:data1\" content=\"Ma\u00eetre Sarah Garcia\" \/>\n\t<meta name=\"twitter:label2\" content=\"Dur\u00e9e de lecture estim\u00e9e\" \/>\n\t<meta name=\"twitter:data2\" content=\"5 minutes\" \/>\n<script type=\"application\/ld+json\" class=\"yoast-schema-graph\">{\"@context\":\"https:\\\/\\\/schema.org\",\"@graph\":[{\"@type\":\"Article\",\"@id\":\"https:\\\/\\\/www.garcia-avocat-paris.fr\\\/licenciement\\\/baremes-dommages-interets\\\/#article\",\"isPartOf\":{\"@id\":\"https:\\\/\\\/www.garcia-avocat-paris.fr\\\/licenciement\\\/baremes-dommages-interets\\\/\"},\"author\":{\"name\":\"Ma\u00eetre Sarah Garcia\",\"@id\":\"https:\\\/\\\/www.garcia-avocat-paris.fr\\\/licenciement\\\/#\\\/schema\\\/person\\\/05adcab2a318b965f3632de28b7a2ba6\"},\"headline\":\"Ordonnances Macron : Les nouveaux bar\u00e8mes relatifs aux dommages-int\u00e9r\u00eats\",\"datePublished\":\"2017-10-09T06:10:46+00:00\",\"dateModified\":\"2018-05-28T11:47:18+00:00\",\"mainEntityOfPage\":{\"@id\":\"https:\\\/\\\/www.garcia-avocat-paris.fr\\\/licenciement\\\/baremes-dommages-interets\\\/\"},\"wordCount\":954,\"commentCount\":0,\"publisher\":{\"@id\":\"https:\\\/\\\/www.garcia-avocat-paris.fr\\\/licenciement\\\/#organization\"},\"image\":{\"@id\":\"https:\\\/\\\/www.garcia-avocat-paris.fr\\\/licenciement\\\/baremes-dommages-interets\\\/#primaryimage\"},\"thumbnailUrl\":\"https:\\\/\\\/www.garcia-avocat-paris.fr\\\/licenciement\\\/wp-content\\\/uploads\\\/2016\\\/12\\\/bar\u00e8me.jpg\",\"keywords\":[\"bar\u00e8me\",\"Licenciement\",\"ordonnances\",\"proc\u00e9dure\"],\"articleSection\":[\"droit du travail\"],\"inLanguage\":\"fr-FR\",\"potentialAction\":[{\"@type\":\"CommentAction\",\"name\":\"Comment\",\"target\":[\"https:\\\/\\\/www.garcia-avocat-paris.fr\\\/licenciement\\\/baremes-dommages-interets\\\/#respond\"]}]},{\"@type\":\"WebPage\",\"@id\":\"https:\\\/\\\/www.garcia-avocat-paris.fr\\\/licenciement\\\/baremes-dommages-interets\\\/\",\"url\":\"https:\\\/\\\/www.garcia-avocat-paris.fr\\\/licenciement\\\/baremes-dommages-interets\\\/\",\"name\":\"Les nouveaux bar\u00e8mes relatifs aux dommages-int\u00e9r\u00eats\",\"isPartOf\":{\"@id\":\"https:\\\/\\\/www.garcia-avocat-paris.fr\\\/licenciement\\\/#website\"},\"primaryImageOfPage\":{\"@id\":\"https:\\\/\\\/www.garcia-avocat-paris.fr\\\/licenciement\\\/baremes-dommages-interets\\\/#primaryimage\"},\"image\":{\"@id\":\"https:\\\/\\\/www.garcia-avocat-paris.fr\\\/licenciement\\\/baremes-dommages-interets\\\/#primaryimage\"},\"thumbnailUrl\":\"https:\\\/\\\/www.garcia-avocat-paris.fr\\\/licenciement\\\/wp-content\\\/uploads\\\/2016\\\/12\\\/bar\u00e8me.jpg\",\"datePublished\":\"2017-10-09T06:10:46+00:00\",\"dateModified\":\"2018-05-28T11:47:18+00:00\",\"description\":\"Ordonnances Macron : L\u2019ordonnance n\u00b02017-1387 du 22 septembre 2017 pr\u00e9voit un nouveau bar\u00e8me pour les dommages et int\u00e9r\u00eats en cas de licenciement abusif.\",\"breadcrumb\":{\"@id\":\"https:\\\/\\\/www.garcia-avocat-paris.fr\\\/licenciement\\\/baremes-dommages-interets\\\/#breadcrumb\"},\"inLanguage\":\"fr-FR\",\"potentialAction\":[{\"@type\":\"ReadAction\",\"target\":[\"https:\\\/\\\/www.garcia-avocat-paris.fr\\\/licenciement\\\/baremes-dommages-interets\\\/\"]}]},{\"@type\":\"ImageObject\",\"inLanguage\":\"fr-FR\",\"@id\":\"https:\\\/\\\/www.garcia-avocat-paris.fr\\\/licenciement\\\/baremes-dommages-interets\\\/#primaryimage\",\"url\":\"https:\\\/\\\/www.garcia-avocat-paris.fr\\\/licenciement\\\/wp-content\\\/uploads\\\/2016\\\/12\\\/bar\u00e8me.jpg\",\"contentUrl\":\"https:\\\/\\\/www.garcia-avocat-paris.fr\\\/licenciement\\\/wp-content\\\/uploads\\\/2016\\\/12\\\/bar\u00e8me.jpg\",\"width\":403,\"height\":298,\"caption\":\"bar\u00e8me indemnit\u00e9\"},{\"@type\":\"BreadcrumbList\",\"@id\":\"https:\\\/\\\/www.garcia-avocat-paris.fr\\\/licenciement\\\/baremes-dommages-interets\\\/#breadcrumb\",\"itemListElement\":[{\"@type\":\"ListItem\",\"position\":1,\"name\":\"Accueil\",\"item\":\"https:\\\/\\\/www.garcia-avocat-paris.fr\\\/licenciement\\\/\"},{\"@type\":\"ListItem\",\"position\":2,\"name\":\"bar\u00e8me\",\"item\":\"https:\\\/\\\/www.garcia-avocat-paris.fr\\\/licenciement\\\/tag\\\/bareme\\\/\"},{\"@type\":\"ListItem\",\"position\":3,\"name\":\"Ordonnances Macron : Les nouveaux bar\u00e8mes relatifs aux dommages-int\u00e9r\u00eats\"}]},{\"@type\":\"WebSite\",\"@id\":\"https:\\\/\\\/www.garcia-avocat-paris.fr\\\/licenciement\\\/#website\",\"url\":\"https:\\\/\\\/www.garcia-avocat-paris.fr\\\/licenciement\\\/\",\"name\":\"Avocat Licenciement - Avocat Droit du Travail | Sarah GARCIA\",\"description\":\"Avocat du Travail Paris - Le Blog\",\"publisher\":{\"@id\":\"https:\\\/\\\/www.garcia-avocat-paris.fr\\\/licenciement\\\/#organization\"},\"potentialAction\":[{\"@type\":\"SearchAction\",\"target\":{\"@type\":\"EntryPoint\",\"urlTemplate\":\"https:\\\/\\\/www.garcia-avocat-paris.fr\\\/licenciement\\\/?s={search_term_string}\"},\"query-input\":{\"@type\":\"PropertyValueSpecification\",\"valueRequired\":true,\"valueName\":\"search_term_string\"}}],\"inLanguage\":\"fr-FR\"},{\"@type\":\"Organization\",\"@id\":\"https:\\\/\\\/www.garcia-avocat-paris.fr\\\/licenciement\\\/#organization\",\"name\":\"Cabinet SG Avocat\",\"url\":\"https:\\\/\\\/www.garcia-avocat-paris.fr\\\/licenciement\\\/\",\"logo\":{\"@type\":\"ImageObject\",\"inLanguage\":\"fr-FR\",\"@id\":\"https:\\\/\\\/www.garcia-avocat-paris.fr\\\/licenciement\\\/#\\\/schema\\\/logo\\\/image\\\/\",\"url\":\"https:\\\/\\\/www.garcia-avocat-paris.fr\\\/licenciement\\\/wp-content\\\/uploads\\\/2015\\\/03\\\/Logo-du-cabinet-sg-avocat.jpg\",\"contentUrl\":\"https:\\\/\\\/www.garcia-avocat-paris.fr\\\/licenciement\\\/wp-content\\\/uploads\\\/2015\\\/03\\\/Logo-du-cabinet-sg-avocat.jpg\",\"width\":75,\"height\":79,\"caption\":\"Cabinet SG Avocat\"},\"image\":{\"@id\":\"https:\\\/\\\/www.garcia-avocat-paris.fr\\\/licenciement\\\/#\\\/schema\\\/logo\\\/image\\\/\"},\"sameAs\":[\"https:\\\/\\\/www.facebook.com\\\/Cabinet.SG.Avocat.Paris\",\"https:\\\/\\\/x.com\\\/GarciaAvocat\",\"https:\\\/\\\/www.linkedin.com\\\/pub\\\/sarah-garcia\\\/69\\\/24\\\/12b\"]},{\"@type\":\"Person\",\"@id\":\"https:\\\/\\\/www.garcia-avocat-paris.fr\\\/licenciement\\\/#\\\/schema\\\/person\\\/05adcab2a318b965f3632de28b7a2ba6\",\"name\":\"Ma\u00eetre Sarah Garcia\",\"image\":{\"@type\":\"ImageObject\",\"inLanguage\":\"fr-FR\",\"@id\":\"https:\\\/\\\/secure.gravatar.com\\\/avatar\\\/815b85f978acf8e14c7618bc2b17b334b53c6606a959342bcce4f5ca7ce063e8?s=96&d=mm&r=g\",\"url\":\"https:\\\/\\\/secure.gravatar.com\\\/avatar\\\/815b85f978acf8e14c7618bc2b17b334b53c6606a959342bcce4f5ca7ce063e8?s=96&d=mm&r=g\",\"contentUrl\":\"https:\\\/\\\/secure.gravatar.com\\\/avatar\\\/815b85f978acf8e14c7618bc2b17b334b53c6606a959342bcce4f5ca7ce063e8?s=96&d=mm&r=g\",\"caption\":\"Ma\u00eetre Sarah Garcia\"},\"description\":\"Avocate au barreau de Paris, Ma\u00eetre Garcia est titulaire d\u2019un doctorat en droit priv\u00e9 ainsi qu'un DEA en droit des affaires et d'un DESS en droit des affaires et fiscalit\u00e9. Avocate en droit des soci\u00e9t\u00e9s, en droit du travail et Avocat CIL.\",\"sameAs\":[\"https:\\\/\\\/www.garcia-avocat-paris.fr\\\/licenciement\"]}]}<\/script>\n<!-- \/ Yoast SEO plugin. -->","yoast_head_json":{"title":"Les nouveaux bar\u00e8mes relatifs aux dommages-int\u00e9r\u00eats","description":"Ordonnances Macron : L\u2019ordonnance n\u00b02017-1387 du 22 septembre 2017 pr\u00e9voit un nouveau bar\u00e8me pour les dommages et int\u00e9r\u00eats en cas de licenciement abusif.","robots":{"index":"index","follow":"follow","max-snippet":"max-snippet:-1","max-image-preview":"max-image-preview:large","max-video-preview":"max-video-preview:-1"},"canonical":"https:\/\/www.garcia-avocat-paris.fr\/licenciement\/baremes-dommages-interets\/","og_locale":"fr_FR","og_type":"article","og_title":"Les nouveaux bar\u00e8mes relatifs aux dommages-int\u00e9r\u00eats","og_description":"Ordonnances Macron : L\u2019ordonnance n\u00b02017-1387 du 22 septembre 2017 pr\u00e9voit un nouveau bar\u00e8me pour les dommages et int\u00e9r\u00eats en cas de licenciement abusif.","og_url":"https:\/\/www.garcia-avocat-paris.fr\/licenciement\/baremes-dommages-interets\/","og_site_name":"Avocat Licenciement - Avocat Droit du Travail | Sarah GARCIA","article_publisher":"https:\/\/www.facebook.com\/Cabinet.SG.Avocat.Paris","article_published_time":"2017-10-09T06:10:46+00:00","article_modified_time":"2018-05-28T11:47:18+00:00","og_image":[{"width":403,"height":298,"url":"https:\/\/www.garcia-avocat-paris.fr\/licenciement\/wp-content\/uploads\/2016\/12\/bar\u00e8me.jpg","type":"image\/jpeg"}],"author":"Ma\u00eetre Sarah Garcia","twitter_card":"summary_large_image","twitter_creator":"@GarciaAvocat","twitter_site":"@GarciaAvocat","twitter_misc":{"\u00c9crit par":"Ma\u00eetre Sarah Garcia","Dur\u00e9e de lecture estim\u00e9e":"5 minutes"},"schema":{"@context":"https:\/\/schema.org","@graph":[{"@type":"Article","@id":"https:\/\/www.garcia-avocat-paris.fr\/licenciement\/baremes-dommages-interets\/#article","isPartOf":{"@id":"https:\/\/www.garcia-avocat-paris.fr\/licenciement\/baremes-dommages-interets\/"},"author":{"name":"Ma\u00eetre Sarah Garcia","@id":"https:\/\/www.garcia-avocat-paris.fr\/licenciement\/#\/schema\/person\/05adcab2a318b965f3632de28b7a2ba6"},"headline":"Ordonnances Macron : Les nouveaux bar\u00e8mes relatifs aux dommages-int\u00e9r\u00eats","datePublished":"2017-10-09T06:10:46+00:00","dateModified":"2018-05-28T11:47:18+00:00","mainEntityOfPage":{"@id":"https:\/\/www.garcia-avocat-paris.fr\/licenciement\/baremes-dommages-interets\/"},"wordCount":954,"commentCount":0,"publisher":{"@id":"https:\/\/www.garcia-avocat-paris.fr\/licenciement\/#organization"},"image":{"@id":"https:\/\/www.garcia-avocat-paris.fr\/licenciement\/baremes-dommages-interets\/#primaryimage"},"thumbnailUrl":"https:\/\/www.garcia-avocat-paris.fr\/licenciement\/wp-content\/uploads\/2016\/12\/bar\u00e8me.jpg","keywords":["bar\u00e8me","Licenciement","ordonnances","proc\u00e9dure"],"articleSection":["droit du travail"],"inLanguage":"fr-FR","potentialAction":[{"@type":"CommentAction","name":"Comment","target":["https:\/\/www.garcia-avocat-paris.fr\/licenciement\/baremes-dommages-interets\/#respond"]}]},{"@type":"WebPage","@id":"https:\/\/www.garcia-avocat-paris.fr\/licenciement\/baremes-dommages-interets\/","url":"https:\/\/www.garcia-avocat-paris.fr\/licenciement\/baremes-dommages-interets\/","name":"Les nouveaux bar\u00e8mes relatifs aux dommages-int\u00e9r\u00eats","isPartOf":{"@id":"https:\/\/www.garcia-avocat-paris.fr\/licenciement\/#website"},"primaryImageOfPage":{"@id":"https:\/\/www.garcia-avocat-paris.fr\/licenciement\/baremes-dommages-interets\/#primaryimage"},"image":{"@id":"https:\/\/www.garcia-avocat-paris.fr\/licenciement\/baremes-dommages-interets\/#primaryimage"},"thumbnailUrl":"https:\/\/www.garcia-avocat-paris.fr\/licenciement\/wp-content\/uploads\/2016\/12\/bar\u00e8me.jpg","datePublished":"2017-10-09T06:10:46+00:00","dateModified":"2018-05-28T11:47:18+00:00","description":"Ordonnances Macron : L\u2019ordonnance n\u00b02017-1387 du 22 septembre 2017 pr\u00e9voit un nouveau bar\u00e8me pour les dommages et int\u00e9r\u00eats en cas de licenciement abusif.","breadcrumb":{"@id":"https:\/\/www.garcia-avocat-paris.fr\/licenciement\/baremes-dommages-interets\/#breadcrumb"},"inLanguage":"fr-FR","potentialAction":[{"@type":"ReadAction","target":["https:\/\/www.garcia-avocat-paris.fr\/licenciement\/baremes-dommages-interets\/"]}]},{"@type":"ImageObject","inLanguage":"fr-FR","@id":"https:\/\/www.garcia-avocat-paris.fr\/licenciement\/baremes-dommages-interets\/#primaryimage","url":"https:\/\/www.garcia-avocat-paris.fr\/licenciement\/wp-content\/uploads\/2016\/12\/bar\u00e8me.jpg","contentUrl":"https:\/\/www.garcia-avocat-paris.fr\/licenciement\/wp-content\/uploads\/2016\/12\/bar\u00e8me.jpg","width":403,"height":298,"caption":"bar\u00e8me indemnit\u00e9"},{"@type":"BreadcrumbList","@id":"https:\/\/www.garcia-avocat-paris.fr\/licenciement\/baremes-dommages-interets\/#breadcrumb","itemListElement":[{"@type":"ListItem","position":1,"name":"Accueil","item":"https:\/\/www.garcia-avocat-paris.fr\/licenciement\/"},{"@type":"ListItem","position":2,"name":"bar\u00e8me","item":"https:\/\/www.garcia-avocat-paris.fr\/licenciement\/tag\/bareme\/"},{"@type":"ListItem","position":3,"name":"Ordonnances Macron : Les nouveaux bar\u00e8mes relatifs aux dommages-int\u00e9r\u00eats"}]},{"@type":"WebSite","@id":"https:\/\/www.garcia-avocat-paris.fr\/licenciement\/#website","url":"https:\/\/www.garcia-avocat-paris.fr\/licenciement\/","name":"Avocat Licenciement - Avocat Droit du Travail | Sarah GARCIA","description":"Avocat du Travail Paris - Le Blog","publisher":{"@id":"https:\/\/www.garcia-avocat-paris.fr\/licenciement\/#organization"},"potentialAction":[{"@type":"SearchAction","target":{"@type":"EntryPoint","urlTemplate":"https:\/\/www.garcia-avocat-paris.fr\/licenciement\/?s={search_term_string}"},"query-input":{"@type":"PropertyValueSpecification","valueRequired":true,"valueName":"search_term_string"}}],"inLanguage":"fr-FR"},{"@type":"Organization","@id":"https:\/\/www.garcia-avocat-paris.fr\/licenciement\/#organization","name":"Cabinet SG Avocat","url":"https:\/\/www.garcia-avocat-paris.fr\/licenciement\/","logo":{"@type":"ImageObject","inLanguage":"fr-FR","@id":"https:\/\/www.garcia-avocat-paris.fr\/licenciement\/#\/schema\/logo\/image\/","url":"https:\/\/www.garcia-avocat-paris.fr\/licenciement\/wp-content\/uploads\/2015\/03\/Logo-du-cabinet-sg-avocat.jpg","contentUrl":"https:\/\/www.garcia-avocat-paris.fr\/licenciement\/wp-content\/uploads\/2015\/03\/Logo-du-cabinet-sg-avocat.jpg","width":75,"height":79,"caption":"Cabinet SG Avocat"},"image":{"@id":"https:\/\/www.garcia-avocat-paris.fr\/licenciement\/#\/schema\/logo\/image\/"},"sameAs":["https:\/\/www.facebook.com\/Cabinet.SG.Avocat.Paris","https:\/\/x.com\/GarciaAvocat","https:\/\/www.linkedin.com\/pub\/sarah-garcia\/69\/24\/12b"]},{"@type":"Person","@id":"https:\/\/www.garcia-avocat-paris.fr\/licenciement\/#\/schema\/person\/05adcab2a318b965f3632de28b7a2ba6","name":"Ma\u00eetre Sarah Garcia","image":{"@type":"ImageObject","inLanguage":"fr-FR","@id":"https:\/\/secure.gravatar.com\/avatar\/815b85f978acf8e14c7618bc2b17b334b53c6606a959342bcce4f5ca7ce063e8?s=96&d=mm&r=g","url":"https:\/\/secure.gravatar.com\/avatar\/815b85f978acf8e14c7618bc2b17b334b53c6606a959342bcce4f5ca7ce063e8?s=96&d=mm&r=g","contentUrl":"https:\/\/secure.gravatar.com\/avatar\/815b85f978acf8e14c7618bc2b17b334b53c6606a959342bcce4f5ca7ce063e8?s=96&d=mm&r=g","caption":"Ma\u00eetre Sarah Garcia"},"description":"Avocate au barreau de Paris, Ma\u00eetre Garcia est titulaire d\u2019un doctorat en droit priv\u00e9 ainsi qu'un DEA en droit des affaires et d'un DESS en droit des affaires et fiscalit\u00e9. Avocate en droit des soci\u00e9t\u00e9s, en droit du travail et Avocat CIL.","sameAs":["https:\/\/www.garcia-avocat-paris.fr\/licenciement"]}]}},"views":243,"_links":{"self":[{"href":"https:\/\/www.garcia-avocat-paris.fr\/licenciement\/wp-json\/wp\/v2\/posts\/1801","targetHints":{"allow":["GET"]}}],"collection":[{"href":"https:\/\/www.garcia-avocat-paris.fr\/licenciement\/wp-json\/wp\/v2\/posts"}],"about":[{"href":"https:\/\/www.garcia-avocat-paris.fr\/licenciement\/wp-json\/wp\/v2\/types\/post"}],"author":[{"embeddable":true,"href":"https:\/\/www.garcia-avocat-paris.fr\/licenciement\/wp-json\/wp\/v2\/users\/3"}],"replies":[{"embeddable":true,"href":"https:\/\/www.garcia-avocat-paris.fr\/licenciement\/wp-json\/wp\/v2\/comments?post=1801"}],"version-history":[{"count":0,"href":"https:\/\/www.garcia-avocat-paris.fr\/licenciement\/wp-json\/wp\/v2\/posts\/1801\/revisions"}],"wp:featuredmedia":[{"embeddable":true,"href":"https:\/\/www.garcia-avocat-paris.fr\/licenciement\/wp-json\/wp\/v2\/media\/1703"}],"wp:attachment":[{"href":"https:\/\/www.garcia-avocat-paris.fr\/licenciement\/wp-json\/wp\/v2\/media?parent=1801"}],"wp:term":[{"taxonomy":"category","embeddable":true,"href":"https:\/\/www.garcia-avocat-paris.fr\/licenciement\/wp-json\/wp\/v2\/categories?post=1801"},{"taxonomy":"post_tag","embeddable":true,"href":"https:\/\/www.garcia-avocat-paris.fr\/licenciement\/wp-json\/wp\/v2\/tags?post=1801"}],"curies":[{"name":"wp","href":"https:\/\/api.w.org\/{rel}","templated":true}]}}